{"id":164,"date":"2010-01-22T18:54:25","date_gmt":"2010-01-22T18:54:25","guid":{"rendered":"https:\/\/elbflorace.de\/?p=164"},"modified":"2017-02-07T13:47:08","modified_gmt":"2017-02-07T12:47:08","slug":"elbflorace-auf-der-karrierestart-2010","status":"publish","type":"post","link":"https:\/\/elbflorace.de\/en\/2010\/01\/elbflorace-auf-der-karrierestart-2010\/","title":{"rendered":"Elbflorace auf der KarriereStart 22.-24.01.2010"},"content":{"rendered":"<p class=\"qtranxs-available-languages-message qtranxs-available-languages-message-en\">Sorry, this entry is only available in <a href=\"https:\/\/elbflorace.de\/de\/wp-json\/wp\/v2\/posts\/164\" class=\"qtranxs-available-language-link qtranxs-available-language-link-de\" title=\"Deutsch\">Deutsch<\/a>.<\/p><p>Am Wochenende vom 22.-24.01.2010 bietet sich Besuchern jeden Alters die M\u00f6glichkeit auf der \u201eKarriereStart\u201c ihre individuellen Karriereziele zu planen und zu gestalten. Die \u201eKarriereStart\u201c ist das wichtigste Informationsforum der Region und die f\u00fchrende Messe in Sachsen f\u00fcr die Themen Berufsorientierung, Ausbildung, Studium und Existenzgr\u00fcndung. Auch Elbflorace ist auf dieser Messe vertreten. Ein Ziel besteht darin interessierten Studenten und Sch\u00fclern zu zeigen, was man neben dem Studium alles bewegen kann, indem unser aktueller Bolide Arundo RS ausgestellt wird. Bei Interesse finden Sie Elbflorace in der Messehalle 2, Stand B 13. Wir freuen uns auf Ihren Besuch!<\/p>","protected":false},"excerpt":{"rendered":"<p class=\"qtranxs-available-languages-message qtranxs-available-languages-message-en\">Sorry, this entry is only available in <a href=\"https:\/\/elbflorace.de\/de\/wp-json\/wp\/v2\/posts\/164\" class=\"qtranxs-available-language-link qtranxs-available-language-link-de\" title=\"Deutsch\">Deutsch<\/a>.<\/p>\n<p>Die \u201eKarriereStart\u201c ist das wichtigste Informationsforum der Region und die f\u00fchrende Messe in Sachsen f\u00fcr die Themen Berufsorientierung, Ausbildung, Studium und Existenzgr\u00fcndung. Auch Elbflorace ist auf dieser Messe vertreten.<\/p>\n","protected":false},"author":53,"featured_media":0,"comment_status":"closed","ping_status":"closed","sticky":false,"template":"","format":"standard","meta":{"footnotes":""},"categories":[3],"tags":[],"class_list":["post-164","post","type-post","status-publish","format-standard","hentry","category-news"],"_links":{"self":[{"href":"https:\/\/elbflorace.de\/en\/wp-json\/wp\/v2\/posts\/164","targetHints":{"allow":["GET"]}}],"collection":[{"href":"https:\/\/elbflorace.de\/en\/wp-json\/wp\/v2\/posts"}],"about":[{"href":"https:\/\/elbflorace.de\/en\/wp-json\/wp\/v2\/types\/post"}],"author":[{"embeddable":true,"href":"https:\/\/elbflorace.de\/en\/wp-json\/wp\/v2\/users\/53"}],"replies":[{"embeddable":true,"href":"https:\/\/elbflorace.de\/en\/wp-json\/wp\/v2\/comments?post=164"}],"version-history":[{"count":2,"href":"https:\/\/elbflorace.de\/en\/wp-json\/wp\/v2\/posts\/164\/revisions"}],"predecessor-version":[{"id":14970,"href":"https:\/\/elbflorace.de\/en\/wp-json\/wp\/v2\/posts\/164\/revisions\/14970"}],"wp:attachment":[{"href":"https:\/\/elbflorace.de\/en\/wp-json\/wp\/v2\/media?parent=164"}],"wp:term":[{"taxonomy":"category","embeddable":true,"href":"https:\/\/elbflorace.de\/en\/wp-json\/wp\/v2\/categories?post=164"},{"taxonomy":"post_tag","embeddable":true,"href":"https:\/\/elbflorace.de\/en\/wp-json\/wp\/v2\/tags?post=164"}],"curies":[{"name":"wp","href":"https:\/\/api.w.org\/{rel}","templated":true}]}}