{"id":1796,"date":"2011-06-26T18:39:52","date_gmt":"2011-06-26T17:39:52","guid":{"rendered":"http:\/\/elbflorace.de\/?p=1796"},"modified":"2017-02-07T13:46:38","modified_gmt":"2017-02-07T12:46:38","slug":"elbflorace-rennevents-2011","status":"publish","type":"post","link":"https:\/\/elbflorace.de\/en\/2011\/06\/elbflorace-rennevents-2011\/","title":{"rendered":"Elbflorace: Rennevents 2011"},"content":{"rendered":"<p class=\"qtranxs-available-languages-message qtranxs-available-languages-message-en\">Sorry, this entry is only available in <a href=\"https:\/\/elbflorace.de\/de\/wp-json\/wp\/v2\/posts\/1796\" class=\"qtranxs-available-language-link qtranxs-available-language-link-de\" title=\"Deutsch\">Deutsch<\/a>.<\/p><p>Das erste Rennen der Saison ist vorbei:<strong><\/strong> Von Donnerstag bis Samstag\u00a0 (<strong>30.06.- 02.07.<\/strong>)  mussten wir uns mit zwei Fahrzeugen im <strong>ZF Race Camp<\/strong> beweisen &#8211; Areus,  unserem Elektroboliden und Ardor, unserem Vorjahresverbrenner. Die Firma  ZF l\u00e4dt einmal im Jahr alle von ihnen gesponserten Teams ein, um beim  ZF Race Camp die neuen Fahrzeuge unter Eventbedingungen zu testen. <a href=\"\/2011\/07\/zf-racecamp-2011\/\">Hier<\/a> finden Sie einen Bericht \u00fcber unsere Zeit am Bodensee.<\/p>\n<p>Nun bleibt jedoch kaum Luft zum Verschnaufen, denn schon bald beginnt die Reise nach <strong>Silverstone <\/strong>(UK). Vom <strong>13.07. &#8211; 17.07.<\/strong> wird auf dem Silverstone Circuit unser Verbrenner Ardor das letzte Mal sein K\u00f6nnen bei einem Event zeigen m\u00fcssen.<\/p>\n<p>Doch auch Areus wird sich bald auf l\u00e4ngere Reisen begeben:\u00a0 Vom <strong>02.08.-07.08.<\/strong> findet das wichtigste deutsche Event der Formula Student auf dem <strong>Hockenheimring <\/strong>statt. Dort werden wir erstmals in der FSE an einem offiziellen Event starten.<\/p>\n<p>Ende September (<strong>29.09. &#8211; 02.10.<\/strong>) werden wir dann auf dem <strong>Circuit de Catalunya<\/strong> (E) in der N\u00e4he von Barcelona wie auch schon im letzten Jahr die Rennsaison beenden.<\/p>\n<p>Dass wir die M\u00f6glichkeit haben an diesen Events teilnehmen zu k\u00f6nnen, verdanken wir nicht nur dem Engagement der einzelnen Teammitglieder, sondern auch der Unterst\u00fctzung unserer Sponsoren und Freunde. Daf\u00fcr m\u00f6chten wir uns noch einmal herzlich bedanken.<\/p>\n<p>Auf unserer Homepage k\u00f6nnen Sie sich w\u00e4hrend der Events immer auf dem Laufenden halten. Dort werden wir regelm\u00e4\u00dfige Berichte, aktuelle Zwischenst\u00e4nde und Ergebnisse pr\u00e4sentieren.<\/p>\n<p>Auf eine erfolgreiche Rennsaison!<\/p>","protected":false},"excerpt":{"rendered":"<p class=\"qtranxs-available-languages-message qtranxs-available-languages-message-en\">Sorry, this entry is only available in <a href=\"https:\/\/elbflorace.de\/de\/wp-json\/wp\/v2\/posts\/1796\" class=\"qtranxs-available-language-link qtranxs-available-language-link-de\" title=\"Deutsch\">Deutsch<\/a>.<\/p>\n<p>Die Rennsaison 2011 hat begonnen.<\/p>\n","protected":false},"author":147,"featured_media":1926,"comment_status":"closed","ping_status":"closed","sticky":false,"template":"","format":"standard","meta":{"footnotes":""},"categories":[3],"tags":[],"class_list":["post-1796","post","type-post","status-publish","format-standard","has-post-thumbnail","hentry","category-news"],"_links":{"self":[{"href":"https:\/\/elbflorace.de\/en\/wp-json\/wp\/v2\/posts\/1796","targetHints":{"allow":["GET"]}}],"collection":[{"href":"https:\/\/elbflorace.de\/en\/wp-json\/wp\/v2\/posts"}],"about":[{"href":"https:\/\/elbflorace.de\/en\/wp-json\/wp\/v2\/types\/post"}],"author":[{"embeddable":true,"href":"https:\/\/elbflorace.de\/en\/wp-json\/wp\/v2\/users\/147"}],"replies":[{"embeddable":true,"href":"https:\/\/elbflorace.de\/en\/wp-json\/wp\/v2\/comments?post=1796"}],"version-history":[{"count":23,"href":"https:\/\/elbflorace.de\/en\/wp-json\/wp\/v2\/posts\/1796\/revisions"}],"predecessor-version":[{"id":4933,"href":"https:\/\/elbflorace.de\/en\/wp-json\/wp\/v2\/posts\/1796\/revisions\/4933"}],"wp:featuredmedia":[{"embeddable":true,"href":"https:\/\/elbflorace.de\/en\/wp-json\/wp\/v2\/media\/1926"}],"wp:attachment":[{"href":"https:\/\/elbflorace.de\/en\/wp-json\/wp\/v2\/media?parent=1796"}],"wp:term":[{"taxonomy":"category","embeddable":true,"href":"https:\/\/elbflorace.de\/en\/wp-json\/wp\/v2\/categories?post=1796"},{"taxonomy":"post_tag","embeddable":true,"href":"https:\/\/elbflorace.de\/en\/wp-json\/wp\/v2\/tags?post=1796"}],"curies":[{"name":"wp","href":"https:\/\/api.w.org\/{rel}","templated":true}]}}