{"id":185,"date":"2010-04-15T10:44:44","date_gmt":"2010-04-15T10:44:44","guid":{"rendered":"https:\/\/elbflorace.de\/?p=185"},"modified":"2017-02-07T13:47:07","modified_gmt":"2017-02-07T12:47:07","slug":"13-sachsischer-motorsporttag-in-neidentorgau","status":"publish","type":"post","link":"https:\/\/elbflorace.de\/en\/2010\/04\/13-sachsischer-motorsporttag-in-neidentorgau\/","title":{"rendered":"13. S\u00e4chsischer Motorsporttag in Neiden\/Torgau"},"content":{"rendered":"<p class=\"qtranxs-available-languages-message qtranxs-available-languages-message-en\">Sorry, this entry is only available in <a href=\"https:\/\/elbflorace.de\/de\/wp-json\/wp\/v2\/posts\/185\" class=\"qtranxs-available-language-link qtranxs-available-language-link-de\" title=\"Deutsch\">Deutsch<\/a>.<\/p><p>Am vergangenen Sonntag, dem 11.4.2010, lud der s\u00e4chsische Landesfachverband Motorsport e.V. zum Motorsporttag.<\/p>\n<p>Elbflorace war vor Ort, um den Erstjahreswagen \u201eArcus\u201c zu pr\u00e4sentieren. Neben allem, was der s\u00e4chsische Motorsport zu bieten hat, waren dort auch zahlreiche Oldtimer vertreten.<\/p>\n<p>Ein sehr interessantes Programm mit Vorf\u00fchrungen und Wettk\u00e4mpfen f\u00fchrte durch den Tag und sorgte f\u00fcr Fahrerlager-Feeling. Unserem Rennwagen wurde viel Aufmerksamkeit geschenkt und so konnten wir zahlreichen Interessierten Fragen rund um die Formula Student beantworten.<\/p>\n<p>Einen Vorgeschmack auf die Formula Student Electric konnten wir beim Fahren mit den Elektrokarts der AG E-Formel Kart der Mittelschule Wasastra\u00dfe aus Radebeul gewinnen. Wir bedanken uns bei den Organisatoren des MSC Pfl\u00fcckuff e.V. und dem s\u00e4chs. Landesfachverband Motorsport f\u00fcr diesen interessanten Tag!<\/p>","protected":false},"excerpt":{"rendered":"<p class=\"qtranxs-available-languages-message qtranxs-available-languages-message-en\">Sorry, this entry is only available in <a href=\"https:\/\/elbflorace.de\/de\/wp-json\/wp\/v2\/posts\/185\" class=\"qtranxs-available-language-link qtranxs-available-language-link-de\" title=\"Deutsch\">Deutsch<\/a>.<\/p>\n<p>Am vergangenen Sonntag, dem 11.4.2010, lud der s\u00e4chsische Landesfachverband Motorsport e.V. zum Motorsporttag. Elbflorace war vor Ort, um Erstjahreswagen Arcus zu pr\u00e4sentieren.<\/p>\n","protected":false},"author":103,"featured_media":0,"comment_status":"closed","ping_status":"closed","sticky":false,"template":"","format":"standard","meta":{"footnotes":""},"categories":[3],"tags":[],"class_list":["post-185","post","type-post","status-publish","format-standard","hentry","category-news"],"_links":{"self":[{"href":"https:\/\/elbflorace.de\/en\/wp-json\/wp\/v2\/posts\/185","targetHints":{"allow":["GET"]}}],"collection":[{"href":"https:\/\/elbflorace.de\/en\/wp-json\/wp\/v2\/posts"}],"about":[{"href":"https:\/\/elbflorace.de\/en\/wp-json\/wp\/v2\/types\/post"}],"author":[{"embeddable":true,"href":"https:\/\/elbflorace.de\/en\/wp-json\/wp\/v2\/users\/103"}],"replies":[{"embeddable":true,"href":"https:\/\/elbflorace.de\/en\/wp-json\/wp\/v2\/comments?post=185"}],"version-history":[{"count":2,"href":"https:\/\/elbflorace.de\/en\/wp-json\/wp\/v2\/posts\/185\/revisions"}],"predecessor-version":[{"id":14949,"href":"https:\/\/elbflorace.de\/en\/wp-json\/wp\/v2\/posts\/185\/revisions\/14949"}],"wp:attachment":[{"href":"https:\/\/elbflorace.de\/en\/wp-json\/wp\/v2\/media?parent=185"}],"wp:term":[{"taxonomy":"category","embeddable":true,"href":"https:\/\/elbflorace.de\/en\/wp-json\/wp\/v2\/categories?post=185"},{"taxonomy":"post_tag","embeddable":true,"href":"https:\/\/elbflorace.de\/en\/wp-json\/wp\/v2\/tags?post=185"}],"curies":[{"name":"wp","href":"https:\/\/api.w.org\/{rel}","templated":true}]}}