{"id":1935,"date":"2011-07-02T19:50:02","date_gmt":"2011-07-02T19:50:02","guid":{"rendered":"http:\/\/elbflorace.de\/?p=1935"},"modified":"2017-02-07T13:46:37","modified_gmt":"2017-02-07T12:46:37","slug":"zf-racecamp-2011","status":"publish","type":"post","link":"https:\/\/elbflorace.de\/en\/2011\/07\/zf-racecamp-2011\/","title":{"rendered":"ZF Race Camp 2011"},"content":{"rendered":"<p class=\"qtranxs-available-languages-message qtranxs-available-languages-message-en\">Sorry, this entry is only available in <a href=\"https:\/\/elbflorace.de\/de\/wp-json\/wp\/v2\/posts\/1935\" class=\"qtranxs-available-language-link qtranxs-available-language-link-de\" title=\"Deutsch\">Deutsch<\/a>.<\/p><p>Nach drei ereignisreichen Tagen auf dem Messegel\u00e4nde in Friedrichshafen haben wir uns am heutigen Samstag wieder auf den Weg nach Dresden begeben. Viele Eindr\u00fccke und Erfahrungen kennzeichnen die letzen 72 Stunden. Zu Anfang konnte das wunderbare Auftreten unseres Verbrenners vom letzten Jahr, Ardor, \u00fcberzeugen. Unter Wettkampfbedingung ist er bereits am Donnerstag den Endurance durchgefahren und somit k\u00f6nnen wir frohen Mutes auf das Event in Silverstone blicken, welches in zwei Wochen beginnt.<\/p>\n<p>Aber auch Areus ist im ersten Anlauf durch die technische und elektrische Abnahme gekommen. Am Freitag gab es dann leichte Probleme beim Einstellen der Bremse, welche im Verlaufe des Tages gel\u00f6st werden konnten. So ergab sich noch die super M\u00f6glichkeit die letzten sonnigen Stunden am Samstag auf der Teststrecke zu nutzen, bevor das Event offiziell um 12 Uhr beendet wurde.<br \/>\nNeben den Erkenntnissen, die sich bei unseren eigenen Rennwagen ergaben, konnten wir auch die Rennwagen der anderen angereisten Formula Student Teams bewundern und freuen uns nun umso mehr auf die kommenden Wettbewerbe im Sommer.<\/p>\n<p><a href=\"https:\/\/elbflorace.de\/wp-content\/uploads\/2011\/07\/110702_NB_ZF_Racecamp_02.jpg\"><img loading=\"lazy\" decoding=\"async\" class=\"size-medium wp-image-1942 alignright\" title=\"Ardor bei ZF\" src=\"https:\/\/elbflorace.de\/wp-content\/uploads\/2011\/07\/110702_NB_ZF_Racecamp_02-300x200.jpg\" alt=\"Ardor auf der Strecke w\u00e4hrend des Endurance\" width=\"300\" height=\"200\" srcset=\"https:\/\/elbflorace.de\/wp-content\/uploads\/2011\/07\/110702_NB_ZF_Racecamp_02-300x200.jpg 300w, https:\/\/elbflorace.de\/wp-content\/uploads\/2011\/07\/110702_NB_ZF_Racecamp_02-600x402.jpg 600w, https:\/\/elbflorace.de\/wp-content\/uploads\/2011\/07\/110702_NB_ZF_Racecamp_02-1024x685.jpg 1024w, https:\/\/elbflorace.de\/wp-content\/uploads\/2011\/07\/110702_NB_ZF_Racecamp_02-700x468.jpg 700w, https:\/\/elbflorace.de\/wp-content\/uploads\/2011\/07\/110702_NB_ZF_Racecamp_02-220x147.jpg 220w\" sizes=\"auto, (max-width: 300px) 100vw, 300px\" \/><\/a><\/p>\n<p>Einen riesen Dank gilt an dieser Stelle nat\u00fcrlich vor allem unserem Sponsor ZF und dem gesamten Organisationsteam des ZF Race Camps, die ein erstklassiges Event auf die Beine gestellt haben. Alle Beteiligten waren von der Atmosph\u00e4re und den bereitgestellten M\u00f6glichkeiten begeistert. Das gesamte Team freut sich schon jetzt auf das n\u00e4chste Jahr und die gute Zusammenarbeit, durch die die bisherige Unterst\u00fctzung von ZF seit Beginn gekennzeichnet ist.<\/p>\n<p>Im <a href=\"\/multimedia\/videos\/\">Multimediabereich<\/a> finden Sie nun auch ein Video zum ZF Race Camp 2011.<\/p>","protected":false},"excerpt":{"rendered":"<p class=\"qtranxs-available-languages-message qtranxs-available-languages-message-en\">Sorry, this entry is only available in <a href=\"https:\/\/elbflorace.de\/de\/wp-json\/wp\/v2\/posts\/1935\" class=\"qtranxs-available-language-link qtranxs-available-language-link-de\" title=\"Deutsch\">Deutsch<\/a>.<\/p>\n<p>Das erste Rennen ist vorbei: Ardor konnte optimal auf Silverstone vorbereitet werden und Areus bei seiner ersten Fahrt unter Wettbewerbsbedingungen \u00fcberzeugen.<\/p>\n","protected":false},"author":105,"featured_media":1936,"comment_status":"closed","ping_status":"closed","sticky":false,"template":"","format":"standard","meta":{"footnotes":""},"categories":[3,362],"tags":[],"class_list":["post-1935","post","type-post","status-publish","format-standard","has-post-thumbnail","hentry","category-news","category-newsletter"],"_links":{"self":[{"href":"https:\/\/elbflorace.de\/en\/wp-json\/wp\/v2\/posts\/1935","targetHints":{"allow":["GET"]}}],"collection":[{"href":"https:\/\/elbflorace.de\/en\/wp-json\/wp\/v2\/posts"}],"about":[{"href":"https:\/\/elbflorace.de\/en\/wp-json\/wp\/v2\/types\/post"}],"author":[{"embeddable":true,"href":"https:\/\/elbflorace.de\/en\/wp-json\/wp\/v2\/users\/105"}],"replies":[{"embeddable":true,"href":"https:\/\/elbflorace.de\/en\/wp-json\/wp\/v2\/comments?post=1935"}],"version-history":[{"count":18,"href":"https:\/\/elbflorace.de\/en\/wp-json\/wp\/v2\/posts\/1935\/revisions"}],"predecessor-version":[{"id":2131,"href":"https:\/\/elbflorace.de\/en\/wp-json\/wp\/v2\/posts\/1935\/revisions\/2131"}],"wp:featuredmedia":[{"embeddable":true,"href":"https:\/\/elbflorace.de\/en\/wp-json\/wp\/v2\/media\/1936"}],"wp:attachment":[{"href":"https:\/\/elbflorace.de\/en\/wp-json\/wp\/v2\/media?parent=1935"}],"wp:term":[{"taxonomy":"category","embeddable":true,"href":"https:\/\/elbflorace.de\/en\/wp-json\/wp\/v2\/categories?post=1935"},{"taxonomy":"post_tag","embeddable":true,"href":"https:\/\/elbflorace.de\/en\/wp-json\/wp\/v2\/tags?post=1935"}],"curies":[{"name":"wp","href":"https:\/\/api.w.org\/{rel}","templated":true}]}}