{"id":2189,"date":"2011-08-01T16:30:31","date_gmt":"2011-08-01T16:30:31","guid":{"rendered":"http:\/\/elbflorace.de\/?p=2189"},"modified":"2017-02-07T13:46:37","modified_gmt":"2017-02-07T12:46:37","slug":"formula-student-hockenheim","status":"publish","type":"post","link":"https:\/\/elbflorace.de\/en\/2011\/08\/formula-student-hockenheim\/","title":{"rendered":"Formula Student Electric: Hockenheim"},"content":{"rendered":"<p class=\"qtranxs-available-languages-message qtranxs-available-languages-message-en\">Sorry, this entry is only available in <a href=\"https:\/\/elbflorace.de\/de\/wp-json\/wp\/v2\/posts\/2189\" class=\"qtranxs-available-language-link qtranxs-available-language-link-de\" title=\"Deutsch\">Deutsch<\/a>.<\/p><p><div class=\"tab-container\">\n    <ul class=\"text-center tabs\" role=\"tablist\">\n        <li role=\"presentaton\" class=\"active\">\n    <a class=\"btn\" href=\"#tag1381f6c52d4\" id=\"tag1381f6c52d4-tab\" role=\"tab\" data-toggle=\"tab\" \n    aria-controls=\"tag1381f6c52d4\" aria-expanded=\"false\">Tag 1<\/a>\n<\/li><li role=\"presentaton\" class=\"\">\n    <a class=\"btn\" href=\"#tag29c3d4e6fee\" id=\"tag29c3d4e6fee-tab\" role=\"tab\" data-toggle=\"tab\" \n    aria-controls=\"tag29c3d4e6fee\" aria-expanded=\"false\">Tag 2<\/a>\n<\/li><li role=\"presentaton\" class=\"\">\n    <a class=\"btn\" href=\"#tag309943a6811\" id=\"tag309943a6811-tab\" role=\"tab\" data-toggle=\"tab\" \n    aria-controls=\"tag309943a6811\" aria-expanded=\"false\">Tag 3<\/a>\n<\/li><li role=\"presentaton\" class=\"\">\n    <a class=\"btn\" href=\"#tag45111bd87cc\" id=\"tag45111bd87cc-tab\" role=\"tab\" data-toggle=\"tab\" \n    aria-controls=\"tag45111bd87cc\" aria-expanded=\"false\">Tag 4<\/a>\n<\/li><li role=\"presentaton\" class=\"\">\n    <a class=\"btn\" href=\"#tag568d1a364a9\" id=\"tag568d1a364a9-tab\" role=\"tab\" data-toggle=\"tab\" \n    aria-controls=\"tag568d1a364a9\" aria-expanded=\"false\">Tag 5<\/a>\n<\/li><li role=\"presentaton\" class=\"\">\n    <a class=\"btn\" href=\"#tag6e36658cb19\" id=\"tag6e36658cb19-tab\" role=\"tab\" data-toggle=\"tab\" \n    aria-controls=\"tag6e36658cb19\" aria-expanded=\"false\">Tag 6<\/a>\n<\/li>\n    <\/ul>\n    <div class=\"tab-content\">\n        <div class=\"tab-pane fade active in\" role=\"tabpanel\" id=\"tag1381f6c52d4\" aria-labelledby=\"places-tab\">\n    <h3 class=\"tabtitle text-center\">Tag 1<\/h3>\n    <div class=\"tab-flexbox\">\n        <\/p>\n<p><a href=\"https:\/\/elbflorace.de\/wp-content\/uploads\/2011\/08\/Hockenheim_Tag01.jpg\"><img loading=\"lazy\" decoding=\"async\" class=\"size-medium wp-image-2208 alignleft\" title=\"Hockenheim Tag 0\" src=\"https:\/\/elbflorace.de\/wp-content\/uploads\/2011\/08\/Hockenheim_Tag01-300x225.jpg\" alt=\"\" width=\"300\" height=\"225\" \/><\/a><br \/>\nStartschuss f\u00fcr Hockenheim: Heute begann offiziell das wichtigste deutsche Event der Formula Student. Bis Sonntag werden sich hier 31 Elektro- und 79 Verbrennerteams auf dem Hockenheimring in verschiedenen statischen und dynamischen Disziplinen messen.<\/p>\n<p>Nachdem ein Teil des Teams bereits am Montagabend auf dem Zeltplatz eingetroffen war, folgte heute der Rest und unser Elektrobolide Areus. Dieser konnte am Abend dann auch seine Box beziehen. Um 16 Uhr konnten wir uns als teilnehmendes Team<a href=\"https:\/\/elbflorace.de\/wp-content\/uploads\/2011\/08\/Box-Hockenheim1.jpg\"><img loading=\"lazy\" decoding=\"async\" class=\"size-medium wp-image-2207 alignright\" title=\"Box Hockenheim\" src=\"https:\/\/elbflorace.de\/wp-content\/uploads\/2011\/08\/Box-Hockenheim1-201x300.jpg\" alt=\"\" width=\"201\" height=\"300\" \/><\/a> anmelden und ab 18 Uhr durften sich auch unsere f\u00fcnf Fahrer und die beiden Safety Responsibles registrieren. Morgen fr\u00fch beginnen ab um 9 Uhr dann die technical &amp; safety inspections.<\/p>\n<p>Los geht\u2019s mit dem E-Scrutineering, bei dem wir als sechstes Team gepr\u00fcft werden.<\/p>\n<p>Wir sind gespannt und freuen uns auf die kommenden Tage in Hockenheim mit Teams aus aller Welt. Nat\u00fcrlich wollen wir dabei alle Interessierten und Daheimgebliebenen immer \u00fcber alle Ergebnisse  informieren: Daher werden Sie an dieser Stelle jeden Tag ausf\u00fchrliche Berichte finden. Aktuelle Neuigkeiten und Ergebnisse erfahren Sie \u00fcber unsere <a href=\"http:\/\/twitter.com\/#!\/Elbflorace\">Twitter<\/a>&#8211; und <a href=\"http:\/\/www.facebook.com\/Elbflorace\">Facebookseiten<\/a>.<\/p>\n<p>Dann auf ein spannendes Event! Elbflorace \u2013 Electrifying People.<\/p>\n<p>\n    <\/div>\n<\/div><div class=\"tab-pane fade\" role=\"tabpanel\" id=\"tag29c3d4e6fee\" aria-labelledby=\"places-tab\">\n    <h3 class=\"tabtitle text-center\">Tag 2<\/h3>\n    <div class=\"tab-flexbox\">\n        <\/p>\n<p><a href=\"https:\/\/elbflorace.de\/wp-content\/uploads\/2011\/08\/SAM_04821.jpg\"><img loading=\"lazy\" decoding=\"async\" class=\"alignleft size-medium wp-image-2220\" style=\"margin: 5px;\" title=\"SAM_0482\" src=\"https:\/\/elbflorace.de\/wp-content\/uploads\/2011\/08\/SAM_04821-300x204.jpg\" alt=\"Tilt Table\" width=\"300\" height=\"204\" srcset=\"https:\/\/elbflorace.de\/wp-content\/uploads\/2011\/08\/SAM_04821-300x204.jpg 300w, https:\/\/elbflorace.de\/wp-content\/uploads\/2011\/08\/SAM_04821-600x408.jpg 600w, https:\/\/elbflorace.de\/wp-content\/uploads\/2011\/08\/SAM_04821-1024x696.jpg 1024w, https:\/\/elbflorace.de\/wp-content\/uploads\/2011\/08\/SAM_04821-700x476.jpg 700w, https:\/\/elbflorace.de\/wp-content\/uploads\/2011\/08\/SAM_04821-220x149.jpg 220w\" sizes=\"auto, (max-width: 300px) 100vw, 300px\" \/><\/a>Der zweite Tag in Hockenheim stand im Zeichen der Technik- und Sicherheitsabnahmen. Da wir bereits als sechstes der 31 Elektroteams zum E-Scrutineering durften, wurden von 10 bis 12 Uhr die elektrischen Komponenten von Areus gr\u00fcndlich gepr\u00fcft. Nachdem ein paar Kleinigkeiten ver\u00e4ndert wurden, bekamen wir aus elektrischer Sicht gr\u00fcnes Licht, um weiter zur mechanischen Pr\u00fcfung zu ziehen. Auch diese konnten wir im ersten Anlauf bestehen und durften so zum Tilt Table und Rain Test. Beim Rain Test wird der Wagen unter High Voltage zwei Minuten mit Wasser bespr\u00fcht und anschlie\u00dfend muss das HV-System zwei Minuten aktiv bleiben. Das klappte alles sehr gut und so gab es dann Sticker drei und vier. Das offizielle Renngewicht liegt \u00fcbrigens bei 336,4 kg. Den letzten Aufkleber f\u00fcr den Brake Test konnten wir uns heute leider nicht mehr holen, da der Ready-to-drive-Sound zu leise war. Dieser ist Voraussetzung f\u00fcr das Starten beim Brake Test. Daran wird heute Abend aber noch gearbeitet, sodass es morgen fr\u00fch p\u00fcnktlich um 8.30Uhr wieder raus auf die Strecke geht.<\/p>\n<p><a href=\"https:\/\/elbflorace.de\/wp-content\/uploads\/2011\/08\/DSC_5822.jpg\"><img loading=\"lazy\" decoding=\"async\" class=\"alignleft size-medium wp-image-2222\" style=\"margin: 5px;\" title=\"DSC_5822\" src=\"https:\/\/elbflorace.de\/wp-content\/uploads\/2011\/08\/DSC_5822-300x194.jpg\" alt=\"Hockenheim Sticker\" width=\"300\" height=\"194\" srcset=\"https:\/\/elbflorace.de\/wp-content\/uploads\/2011\/08\/DSC_5822-300x194.jpg 300w, https:\/\/elbflorace.de\/wp-content\/uploads\/2011\/08\/DSC_5822-600x388.jpg 600w, https:\/\/elbflorace.de\/wp-content\/uploads\/2011\/08\/DSC_5822-1024x662.jpg 1024w, https:\/\/elbflorace.de\/wp-content\/uploads\/2011\/08\/DSC_5822-700x452.jpg 700w, https:\/\/elbflorace.de\/wp-content\/uploads\/2011\/08\/DSC_5822-220x142.jpg 220w, https:\/\/elbflorace.de\/wp-content\/uploads\/2011\/08\/DSC_5822.jpg 2000w\" sizes=\"auto, (max-width: 300px) 100vw, 300px\" \/><\/a>Eine phantastische, interkulturelle Atmosph\u00e4re begegnet uns hier in Hockenheim. So trifft man beim Rundgang durch die Boxen zum Beispiel Teams aus Amerika, Indien oder auch Ecuador, die die Formula Student auf ihre ganz eigene Art und Weise leben.  Nachdem uns bisher die Sonne sehr verw\u00f6hnt hatte, setzte am Abend nun leider starker Regen ein. Doch bei der Welcome Ceremony st\u00f6rte uns das wenig. Dort wurden alle Teams offiziell begr\u00fc\u00dft, das FSG-Team und der Ablauf der n\u00e4chsten Tage vorgestellt.<\/p>\n<p>Morgen beginnt der dritte Tag in Hockenheim mit einem Team Briefing, wo unsere f\u00fcnf Fahrer auch ihre B\u00e4ndchen bekommen, um damit bei den dynamischen Disziplinen zu starten. Anschlie\u00dfend werden wir uns dann wieder dem Brake Test stellen.<\/p>\n<p>Wir genie\u00dfen die motorsportbegeisterte Atmosph\u00e4re hier am Hockenheimring sehr und freuen uns morgen auf einen neuen spannenden Renntag. Dann stehen die statischen Disziplinen auf dem Plan: Cost und Design Report sowie Business Plan.<\/p>\n<p><a href=\"https:\/\/elbflorace.de\/wp-content\/uploads\/2011\/08\/DSC_5801.jpg\"><\/a><a href=\"https:\/\/elbflorace.de\/wp-content\/uploads\/2011\/08\/DSC_5801.jpg\"><img loading=\"lazy\" decoding=\"async\" class=\"aligncenter size-large wp-image-2223\" title=\"DSC_5801\" src=\"https:\/\/elbflorace.de\/wp-content\/uploads\/2011\/08\/DSC_5801-1024x672.jpg\" alt=\"Hockenheim Areus\" width=\"700\" height=\"459\" srcset=\"https:\/\/elbflorace.de\/wp-content\/uploads\/2011\/08\/DSC_5801-1024x672.jpg 1024w, https:\/\/elbflorace.de\/wp-content\/uploads\/2011\/08\/DSC_5801-300x196.jpg 300w, https:\/\/elbflorace.de\/wp-content\/uploads\/2011\/08\/DSC_5801-600x394.jpg 600w, https:\/\/elbflorace.de\/wp-content\/uploads\/2011\/08\/DSC_5801-700x459.jpg 700w, https:\/\/elbflorace.de\/wp-content\/uploads\/2011\/08\/DSC_5801-220x144.jpg 220w, https:\/\/elbflorace.de\/wp-content\/uploads\/2011\/08\/DSC_5801.jpg 2000w\" sizes=\"auto, (max-width: 700px) 100vw, 700px\" \/><\/a><\/p>\n<p>\n    <\/div>\n<\/div><div class=\"tab-pane fade\" role=\"tabpanel\" id=\"tag309943a6811\" aria-labelledby=\"places-tab\">\n    <h3 class=\"tabtitle text-center\">Tag 3<\/h3>\n    <div class=\"tab-flexbox\">\n        <\/p>\n<p><a href=\"https:\/\/elbflorace.de\/wp-content\/uploads\/2011\/08\/Hockenheim_Tag3.jpg\"><img loading=\"lazy\" decoding=\"async\" class=\"alignleft size-medium wp-image-2229\" title=\"Hockenheim_Tag3\" src=\"https:\/\/elbflorace.de\/wp-content\/uploads\/2011\/08\/Hockenheim_Tag3-225x300.jpg\" alt=\"Technische Abnahme bestanden\" width=\"225\" height=\"300\" srcset=\"https:\/\/elbflorace.de\/wp-content\/uploads\/2011\/08\/Hockenheim_Tag3-225x300.jpg 225w, https:\/\/elbflorace.de\/wp-content\/uploads\/2011\/08\/Hockenheim_Tag3-300x400.jpg 300w, https:\/\/elbflorace.de\/wp-content\/uploads\/2011\/08\/Hockenheim_Tag3-600x799.jpg 600w, https:\/\/elbflorace.de\/wp-content\/uploads\/2011\/08\/Hockenheim_Tag3-768x1024.jpg 768w, https:\/\/elbflorace.de\/wp-content\/uploads\/2011\/08\/Hockenheim_Tag3-361x482.jpg 361w, https:\/\/elbflorace.de\/wp-content\/uploads\/2011\/08\/Hockenheim_Tag3-220x293.jpg 220w, https:\/\/elbflorace.de\/wp-content\/uploads\/2011\/08\/Hockenheim_Tag3-scaled.jpg 1922w\" sizes=\"auto, (max-width: 225px) 100vw, 225px\" \/><\/a>Der Morgen des dritten Hockenheimtags begann mit einer Menge Stirnrunzeln, die sich am Ende des Tages noch als schlechtes Omen herausstellen sollten: Das TSAL, das noch am Abend zuvor zuverl\u00e4ssig funktioniert hatte, blinkte auf einmal nicht mehr. Doch nach einer guten Stunde konnte das Problem von unseren Elektronikern behoben werden und die Mienen hellten sich schlagartig auf. So konnten wir gegen 10 Uhr zum Brake Test antreten. Powertrain-Modulleiter Jens Schubert, der das erste Mal auf einem Event hinterm dem Lenkrad sitzt, bremste Areus gleich beim ersten Anlauf durch den Test. Damit holten wir uns auch den letzten Sticker und konnten so die technische Abnahme abschlie\u00dfen. Parallel dazu fand das Finale f\u00fcr den \u201eBest use of Adhesive Award\u201c von Henkel statt, zu dem die besten Konzepte von 7 Teams angeh\u00f6rt wurden. Das Resultat bekommen wir am Freitagabend bei der ersten Award Ceremony.<br \/>\nNach der Mittagspause bereiteten wir uns und unseren Pr\u00e4sentationsbereich dann auf Design und Cost Report vor. In knapp zwei Stunden stellten wir uns den Fragen zu Kosten und Design von Areus. Dies lief aus unserer Sicht sehr zufriedenstellend \u2013 wir hoffen das sehen die Judges auch so \u2026<\/p>\n<p>W<a href=\"https:\/\/elbflorace.de\/wp-content\/uploads\/2011\/08\/SAM_0531.jpg\"><img loading=\"lazy\" decoding=\"async\" class=\"size-medium wp-image-2230 alignright\" title=\"SAM_0531\" src=\"https:\/\/elbflorace.de\/wp-content\/uploads\/2011\/08\/SAM_0531-300x225.jpg\" alt=\"Testen mit Areus\" width=\"300\" height=\"225\" srcset=\"https:\/\/elbflorace.de\/wp-content\/uploads\/2011\/08\/SAM_0531-300x225.jpg 300w, https:\/\/elbflorace.de\/wp-content\/uploads\/2011\/08\/SAM_0531-600x450.jpg 600w, https:\/\/elbflorace.de\/wp-content\/uploads\/2011\/08\/SAM_0531-1024x768.jpg 1024w, https:\/\/elbflorace.de\/wp-content\/uploads\/2011\/08\/SAM_0531-642x482.jpg 642w, https:\/\/elbflorace.de\/wp-content\/uploads\/2011\/08\/SAM_0531-220x165.jpg 220w\" sizes=\"auto, (max-width: 300px) 100vw, 300px\" \/><\/a>\u00e4hrend es anschlie\u00dfend f\u00fcr einen Teil des Teams das erste Mal auf die Teststrecke ging, stellte der andere Teil unseren Business Plan der Jury vor. Mit der Business Plan Pr\u00e4sentation schafften wir es auch das erste Mal in die Business Plan Finals. Dort pr\u00e4sentieren anschlie\u00dfend die besten f\u00fcnf Teams noch einmal vor der \u00d6ffentlichkeit. Wir sind sehr zufrieden und gespannt auf das Ergebnis.<\/p>\n<p>Leider verbrachte der andere Teil des Teams beim Testen schwere Stunden. Nachdem beim Fahren Unregelm\u00e4\u00dfigkeiten aufgetreten waren und das Fahrzeug vorsichtshalber sofort gesichert wurde, stellten wir in der Box dann fest, dass einer der beiden Wechselrichter unreparierbar zerst\u00f6rt wurde. Das ist zwar ein starker R\u00fcckschlag f\u00fcr die harte Arbeit der letzten Monate, dennoch lassen wir uns nicht unterkriegen. Ein neuer Wechselrichter ist bereits auf dem Weg und Plan B liegt auch bereit.<br \/>\nMorgen fr\u00fch wartet auf unsere Fahrer wieder um 8 Uhr ein Briefing. Ab 11 Uhr beginnt dann der Skid Pad, das erste dynamische Event.<\/p>\n<p>Ein langer Tag mit vielen Emotionen, R\u00fcckschl\u00e4gen, aber auch Erfolgen liegt hinter uns und eine Menge Arbeit nun vor uns.<\/p>\n<p><a href=\"https:\/\/elbflorace.de\/wp-content\/uploads\/2011\/08\/DSC_5971.jpg\"><\/a><a href=\"https:\/\/elbflorace.de\/wp-content\/uploads\/2011\/08\/DSC_59711.jpg\"><img loading=\"lazy\" decoding=\"async\" class=\"aligncenter size-large wp-image-2233\" title=\"DSC_5971\" src=\"https:\/\/elbflorace.de\/wp-content\/uploads\/2011\/08\/DSC_59711-1024x536.jpg\" alt=\"Testen Areus\" width=\"700\" height=\"366\" srcset=\"https:\/\/elbflorace.de\/wp-content\/uploads\/2011\/08\/DSC_59711-1024x536.jpg 1024w, https:\/\/elbflorace.de\/wp-content\/uploads\/2011\/08\/DSC_59711-300x157.jpg 300w, https:\/\/elbflorace.de\/wp-content\/uploads\/2011\/08\/DSC_59711-600x314.jpg 600w, https:\/\/elbflorace.de\/wp-content\/uploads\/2011\/08\/DSC_59711-700x366.jpg 700w, https:\/\/elbflorace.de\/wp-content\/uploads\/2011\/08\/DSC_59711-220x115.jpg 220w\" sizes=\"auto, (max-width: 700px) 100vw, 700px\" \/><\/a><\/p>\n<p>\n    <\/div>\n<\/div><div class=\"tab-pane fade\" role=\"tabpanel\" id=\"tag45111bd87cc\" aria-labelledby=\"places-tab\">\n    <h3 class=\"tabtitle text-center\">Tag 4<\/h3>\n    <div class=\"tab-flexbox\">\n        <\/p>\n<p><a href=\"https:\/\/elbflorace.de\/wp-content\/uploads\/2011\/08\/DSC_6295.jpg\"><img loading=\"lazy\" decoding=\"async\" class=\"alignleft size-medium wp-image-2242\" title=\"DSC_6295\" src=\"https:\/\/elbflorace.de\/wp-content\/uploads\/2011\/08\/DSC_6295-300x202.jpg\" alt=\"\" width=\"300\" height=\"202\" srcset=\"https:\/\/elbflorace.de\/wp-content\/uploads\/2011\/08\/DSC_6295-300x202.jpg 300w, https:\/\/elbflorace.de\/wp-content\/uploads\/2011\/08\/DSC_6295-600x405.jpg 600w, https:\/\/elbflorace.de\/wp-content\/uploads\/2011\/08\/DSC_6295-1024x691.jpg 1024w, https:\/\/elbflorace.de\/wp-content\/uploads\/2011\/08\/DSC_6295-700x472.jpg 700w, https:\/\/elbflorace.de\/wp-content\/uploads\/2011\/08\/DSC_6295-220x148.jpg 220w, https:\/\/elbflorace.de\/wp-content\/uploads\/2011\/08\/DSC_6295.jpg 1500w\" sizes=\"auto, (max-width: 300px) 100vw, 300px\" \/><\/a>Es war sehr fr\u00fch am Freitagmorgen, als das Team eine Entscheidung traf: Gegen den Einbau eines neuen, zweiten Wechselrichters und stattdessen f\u00fcr eine Umr\u00fcstung auf nur einen Motor mit starrer Hinterachse. Ausschlaggebend daf\u00fcr war die Tatsache, dass wir zwar durch die Unterst\u00fctzung durch Semikron einen zweiten Inverter noch vor Eventende h\u00e4tten bekommen k\u00f6nnen, jedoch h\u00e4tte die n\u00f6tige Anpassung an unser Fahrzeug zu lange gedauert, um noch an eine Teilnahme an den dynamischen Disziplinen zu denken. Um aber dennoch die Chance zu haben am Event teilzunehmen, haben wir uns daher f\u00fcr die Umbauvariante entschieden.<br \/>\nDaher verbrachten wir den Freitag intensiv damit, Areus umzubauen. Leider musste auch noch eine Sicherung in einem der Battery Cases ersetzt werden, dessen Auseinanderbau sehr viel Zeit in Anspruch nahm. Anschlie\u00dfend mussten wir wieder zum E-Scrutineering und zum Wiegen. Mit rund 40 kg weniger als zuvor, ging es dann gegen 18 Uhr zum Skid Pad. Leider verlie\u00df uns dort wieder das Gl\u00fcck und der Wagen fuhr nicht los. Auch beim zweiten Versuch, zwei Minuten vor der Schlie\u00dfung der Disziplin, wollte Areus sich nicht mehr bewegen. Somit konnten wir trotz aller Bem\u00fchungen und viel harter Arbeit leider keine Punkte beim Skid Pad sammeln.<\/p>\n<p><a href=\"https:\/\/elbflorace.de\/wp-content\/uploads\/2011\/08\/DSC_6088.jpg\"><\/a><a href=\"https:\/\/elbflorace.de\/wp-content\/uploads\/2011\/08\/DSC_60881.jpg\"><img loading=\"lazy\" decoding=\"async\" class=\"alignleft size-large wp-image-2247\" title=\"DSC_6088\" src=\"https:\/\/elbflorace.de\/wp-content\/uploads\/2011\/08\/DSC_60881-1024x542.jpg\" alt=\"\" width=\"700\" height=\"370\" srcset=\"https:\/\/elbflorace.de\/wp-content\/uploads\/2011\/08\/DSC_60881-1024x542.jpg 1024w, https:\/\/elbflorace.de\/wp-content\/uploads\/2011\/08\/DSC_60881-300x159.jpg 300w, https:\/\/elbflorace.de\/wp-content\/uploads\/2011\/08\/DSC_60881-600x318.jpg 600w, https:\/\/elbflorace.de\/wp-content\/uploads\/2011\/08\/DSC_60881-700x371.jpg 700w, https:\/\/elbflorace.de\/wp-content\/uploads\/2011\/08\/DSC_60881-220x116.jpg 220w, https:\/\/elbflorace.de\/wp-content\/uploads\/2011\/08\/DSC_60881.jpg 1490w\" sizes=\"auto, (max-width: 700px) 100vw, 700px\" \/><\/a><\/p>\n<p>Am Abend besuchten wir dann die Award Ceremony, bei der die Awards f\u00fcr verschiedene Einzelleistungen vergeben wurden. Unter anderem auch f\u00fcr die Business Presentations. Dort konnte Elbflorace die beste Teamplatzierung in der bisherigen Vereinsgeschichte feiern: Platz 3 f\u00fcr unseren Business Plan. Viel Zeit zum Feiern blieb allerdings nicht, denn wir versuchen weiterhin die Probleme am Wagen zu beheben, um morgen bei den restlichen dynamischen Disziplinen antreten zu k\u00f6nnen.<\/p>\n<p><a href=\"https:\/\/elbflorace.de\/wp-content\/uploads\/2011\/08\/DSC_6074.jpg\"><img loading=\"lazy\" decoding=\"async\" class=\"alignleft size-medium wp-image-2244\" title=\"DSC_6074\" src=\"https:\/\/elbflorace.de\/wp-content\/uploads\/2011\/08\/DSC_6074-300x200.jpg\" alt=\"Skid Pad mit &quot;Regen&quot;\" width=\"300\" height=\"200\" srcset=\"https:\/\/elbflorace.de\/wp-content\/uploads\/2011\/08\/DSC_6074-300x200.jpg 300w, https:\/\/elbflorace.de\/wp-content\/uploads\/2011\/08\/DSC_6074-600x402.jpg 600w, https:\/\/elbflorace.de\/wp-content\/uploads\/2011\/08\/DSC_6074-1024x685.jpg 1024w, https:\/\/elbflorace.de\/wp-content\/uploads\/2011\/08\/DSC_6074-700x468.jpg 700w, https:\/\/elbflorace.de\/wp-content\/uploads\/2011\/08\/DSC_6074-220x147.jpg 220w, https:\/\/elbflorace.de\/wp-content\/uploads\/2011\/08\/DSC_6074.jpg 1500w\" sizes=\"auto, (max-width: 300px) 100vw, 300px\" \/><\/a>Leider hatte Hockenheim nach einem hervorragenden Start f\u00fcr uns auch herbe R\u00fcckschl\u00e4ge parat. Doch wir lassen uns nicht unterkriegen. Die Motivation, Areus \u2013 das Ergebnis vieler Monate harter Arbeit und einer bisher einzigartigen Elbflorace-Saison, auf der Strecke fahren zu sehen, ist ungebrochen.<\/p>\n<p>&nbsp;<\/p>\n<p>&nbsp;<\/p>\n<p>\n    <\/div>\n<\/div><div class=\"tab-pane fade\" role=\"tabpanel\" id=\"tag568d1a364a9\" aria-labelledby=\"places-tab\">\n    <h3 class=\"tabtitle text-center\">Tag 5<\/h3>\n    <div class=\"tab-flexbox\">\n        <\/p>\n<p><a href=\"https:\/\/elbflorace.de\/wp-content\/uploads\/2011\/08\/DSC_6351-Kopie.jpg\"><img loading=\"lazy\" decoding=\"async\" class=\"alignleft size-medium wp-image-2250\" title=\"DSC_6351 - Kopie\" src=\"https:\/\/elbflorace.de\/wp-content\/uploads\/2011\/08\/DSC_6351-Kopie-300x167.jpg\" alt=\"Acceleration Areus\" width=\"300\" height=\"167\" srcset=\"https:\/\/elbflorace.de\/wp-content\/uploads\/2011\/08\/DSC_6351-Kopie-300x167.jpg 300w, https:\/\/elbflorace.de\/wp-content\/uploads\/2011\/08\/DSC_6351-Kopie-600x335.jpg 600w, https:\/\/elbflorace.de\/wp-content\/uploads\/2011\/08\/DSC_6351-Kopie-1024x572.jpg 1024w, https:\/\/elbflorace.de\/wp-content\/uploads\/2011\/08\/DSC_6351-Kopie-700x391.jpg 700w, https:\/\/elbflorace.de\/wp-content\/uploads\/2011\/08\/DSC_6351-Kopie-220x122.jpg 220w, https:\/\/elbflorace.de\/wp-content\/uploads\/2011\/08\/DSC_6351-Kopie.jpg 2000w\" sizes=\"auto, (max-width: 300px) 100vw, 300px\" \/><\/a>Ein langer, schwerer Tag geht f\u00fcr Elbflorace zu Ende. Nachdem wir am Morgen endlich wieder ein wenig Zeit mit Areus auf der Teststrecke verbringen konnten, entschieden wir uns gleich den Acceleration zu fahren, um noch ein paar Punkte zu sammeln. Mit 13:57s war Areus nicht das schnellste Fahrzeug auf der Strecke, aber er brachte es \u00fcber die Ziellinie.<br \/>\nNachdem wir am Boliden in der Box weitere Einstellungen vornehmen wollten, schlug das Gl\u00fcck wieder um: Durch einen Motorschaden, dessen Grund wir noch nicht genau kennen, mussten wir uns schweren Herzens entscheiden, das Event f\u00fcr Elbflorace zu beenden. Ein Umbau auf den zweiten vorhandenen Motor w\u00e4re zeitlich leider nicht mehr m\u00f6glich gewesen, da heute die restlichen dynamischen Disziplinen stattfanden.<\/p>\n<p>Nach vielen Monaten des Planens, Konstruierens und unz\u00e4hligen Stunden der Fertigung, trifft dieser Ausfall das Team nat\u00fcrlich schwer. Dennoch sind wir in den letzten Tagen noch enger <a href=\"https:\/\/elbflorace.de\/wp-content\/uploads\/2011\/08\/SAM_0555-Kopie.jpg\"><img loading=\"lazy\" decoding=\"async\" class=\"alignright size-medium wp-image-2251\" title=\"SAM_0555 - Kopie\" src=\"https:\/\/elbflorace.de\/wp-content\/uploads\/2011\/08\/SAM_0555-Kopie-238x300.jpg\" alt=\"\" width=\"238\" height=\"300\" srcset=\"https:\/\/elbflorace.de\/wp-content\/uploads\/2011\/08\/SAM_0555-Kopie-238x300.jpg 238w, https:\/\/elbflorace.de\/wp-content\/uploads\/2011\/08\/SAM_0555-Kopie-300x377.jpg 300w, https:\/\/elbflorace.de\/wp-content\/uploads\/2011\/08\/SAM_0555-Kopie-600x754.jpg 600w, https:\/\/elbflorace.de\/wp-content\/uploads\/2011\/08\/SAM_0555-Kopie-815x1024.jpg 815w, https:\/\/elbflorace.de\/wp-content\/uploads\/2011\/08\/SAM_0555-Kopie-383x482.jpg 383w, https:\/\/elbflorace.de\/wp-content\/uploads\/2011\/08\/SAM_0555-Kopie-220x276.jpg 220w, https:\/\/elbflorace.de\/wp-content\/uploads\/2011\/08\/SAM_0555-Kopie.jpg 1592w\" sizes=\"auto, (max-width: 238px) 100vw, 238px\" \/><\/a>zusammen gewachsen und es zeigte sich, welchen Zusammenhalt wir durch die Arbeit der letzten Monate entwickelt haben.<\/p>\n<p>Am Nachmittag entschieden wir uns dann, andere Teams, die selbst noch Probleme mit ihren Fahrzeugen hatten, zu unterst\u00fctzen. Auch kam dann noch die freudige Nachricht, dass wir im Design Report den 8. Platz belegt haben. Im Cost Report war es der 17.<\/p>\n<p>Gemeinsam schauen wir uns nun den Endurance der Elektrowagen an, in dem ab 22 Uhr bei eindrucksvoller Beleuchtung die verbleibenden Boliden ihre 22km drehen. Leider sind aber bereits \u00fcber die H\u00e4lfte der 31 E-Wagen durch technische Probleme ausgefallen.<\/p>\n<p>Wir freuen uns auf einen letzten Tag in Hockenheim morgen und w\u00fcnschen allen Teams maximale Erfolge.<\/p>\n<p><a href=\"https:\/\/elbflorace.de\/wp-content\/uploads\/2011\/08\/SAM_0537-Kopie.jpg\"><br \/>\n<\/a>\n    <\/div>\n<\/div><div class=\"tab-pane fade\" role=\"tabpanel\" id=\"tag6e36658cb19\" aria-labelledby=\"places-tab\">\n    <h3 class=\"tabtitle text-center\">Tag 6<\/h3>\n    <div class=\"tab-flexbox\">\n        <\/p>\n<p><a href=\"https:\/\/elbflorace.de\/wp-content\/uploads\/2011\/08\/SAM_0577-Kopie.jpg\"><img loading=\"lazy\" decoding=\"async\" class=\"alignleft size-medium wp-image-2261\" title=\"SAM_0577 - Kopie\" src=\"https:\/\/elbflorace.de\/wp-content\/uploads\/2011\/08\/SAM_0577-Kopie-300x225.jpg\" alt=\"\" width=\"300\" height=\"225\" srcset=\"https:\/\/elbflorace.de\/wp-content\/uploads\/2011\/08\/SAM_0577-Kopie-300x225.jpg 300w, https:\/\/elbflorace.de\/wp-content\/uploads\/2011\/08\/SAM_0577-Kopie-600x450.jpg 600w, https:\/\/elbflorace.de\/wp-content\/uploads\/2011\/08\/SAM_0577-Kopie-1024x768.jpg 1024w, https:\/\/elbflorace.de\/wp-content\/uploads\/2011\/08\/SAM_0577-Kopie-642x482.jpg 642w, https:\/\/elbflorace.de\/wp-content\/uploads\/2011\/08\/SAM_0577-Kopie-220x165.jpg 220w, https:\/\/elbflorace.de\/wp-content\/uploads\/2011\/08\/SAM_0577-Kopie.jpg 2000w\" sizes=\"auto, (max-width: 300px) 100vw, 300px\" \/><\/a>Am Samstagabend bekamen wir einen beeindruckenden Endurance der Elektrowagen geboten. Bei teilweilweise str\u00f6mendem Regen gaben die Teams alles und zeigten einen spannenden Wettbewerb. Zum Schluss erfuhr sich die TU Delft \u00fcber die 22km den ersten Platz.<\/p>\n<p>Den Sonntag gingen wir ruhig an, da hier ganz die Verbrenner bei ihrem Endurance im Mittelpunkt standen. Auch dabei trafen besondere technische Leistungen und viele Emotionen aufeinander. Anschie\u00dfend r\u00e4umten wir unsere Box, um am Abend dann bei der Award Ceremony alle Teams w\u00fcrdig zu feiern, die sich durch hervorragende Leistungen einen der ersten drei Pl\u00e4tze in verschiedenen Bereichen erk\u00e4mpft hatten. Bei der bereits legend\u00e4ren Mahle-Party feierten dann alle Teams gemeinsam den Abschluss einer beeindruckenden Woche Hockenheim.<\/p>\n<p>An Elbflorace ging am Ende der <strong>15. Platz<\/strong>. Unter der Betrachtung, dass wir leider keine der dynamischen Disziplinen richtig mitfahren konnten, freuen wir uns, dass wir alleine durch die statischen Disziplinen diesen Platz erreichen konnten.<\/p>\n<p>Hier noch einmal alle Elbflorace-Ergebnisse im \u00dcberblick:<\/p>\n<p>&#8211; Businness Presentation: 3. Platz<br \/>\n&#8211; Cost Report: 17. Platz<br \/>\n&#8211; Design Report: 8. Platz<br \/>\n&#8211; Acceleration: 11. Platz<\/p>\n<p>Hier finden Sie auch noch einmal alle Ergebnisse der <a href=\"http:\/\/www.formulastudentelectric.de\/events\/event-2011\/results\/\" target=\"_blank\">FSE<\/a> und <a href=\"http:\/\/www.formulastudent.de\/events\/event-2011\/results\/\" target=\"_blank\">FSG<\/a>.<\/p>\n<p><a href=\"https:\/\/elbflorace.de\/wp-content\/uploads\/2011\/08\/2011080312-50-445383buck.jpg\"><img loading=\"lazy\" decoding=\"async\" class=\"alignright size-medium wp-image-2262\" title=\"IMG_5383.jpg\" src=\"https:\/\/elbflorace.de\/wp-content\/uploads\/2011\/08\/2011080312-50-445383buck-300x200.jpg\" alt=\"\" width=\"300\" height=\"200\" srcset=\"https:\/\/elbflorace.de\/wp-content\/uploads\/2011\/08\/2011080312-50-445383buck-300x200.jpg 300w, https:\/\/elbflorace.de\/wp-content\/uploads\/2011\/08\/2011080312-50-445383buck-600x400.jpg 600w, https:\/\/elbflorace.de\/wp-content\/uploads\/2011\/08\/2011080312-50-445383buck-1024x682.jpg 1024w, https:\/\/elbflorace.de\/wp-content\/uploads\/2011\/08\/2011080312-50-445383buck-700x466.jpg 700w, https:\/\/elbflorace.de\/wp-content\/uploads\/2011\/08\/2011080312-50-445383buck-220x146.jpg 220w\" sizes=\"auto, (max-width: 300px) 100vw, 300px\" \/><\/a>Auch wenn wir immer noch traurig sind, dass wir mit Areus nicht zeigen konnten, was wir in den letzten Monaten geschafft haben, so konnten wir doch zeigen was Areus aus uns in den letzten Monaten gemacht hat: Ein Team, dass zusammengehalten hat, das trotzdem eine tolle Woche in Hockenheim erlebt und viel gelernt hat. In den n\u00e4chsten Wochen werden wir weiter hart arbeiten, damit Areus hoffentlich beim Event in Spanien Ende September dann zeigen kann was eigentlich in ihm steckt.<\/p>\n<p>Wir m\u00f6chten uns auch herzlich bei allen Sponsoren bedanken, die uns durch tolle, kreative Geschenke viel Gl\u00fcck gew\u00fcnscht haben oder uns in unserer Box in Hockenheim besucht haben. Und auch nat\u00fcrlich allen, die unsere H\u00f6hen und Tiefen gespannt per Internet verfolgt haben.<\/p>\n<p>\n    <\/div>\n<\/div>\n    <\/div>\n<\/div>\n<\/p>","protected":false},"excerpt":{"rendered":"<p class=\"qtranxs-available-languages-message qtranxs-available-languages-message-en\">Sorry, this entry is only available in <a href=\"https:\/\/elbflorace.de\/de\/wp-json\/wp\/v2\/posts\/2189\" class=\"qtranxs-available-language-link qtranxs-available-language-link-de\" title=\"Deutsch\">Deutsch<\/a>.<\/p>\n<p>Hier finden Sie alle Informationen zum Event in Hockenheim.<\/p>\n","protected":false},"author":147,"featured_media":0,"comment_status":"closed","ping_status":"closed","sticky":false,"template":"","format":"standard","meta":{"footnotes":""},"categories":[3],"tags":[],"class_list":["post-2189","post","type-post","status-publish","format-standard","hentry","category-news"],"_links":{"self":[{"href":"https:\/\/elbflorace.de\/en\/wp-json\/wp\/v2\/posts\/2189","targetHints":{"allow":["GET"]}}],"collection":[{"href":"https:\/\/elbflorace.de\/en\/wp-json\/wp\/v2\/posts"}],"about":[{"href":"https:\/\/elbflorace.de\/en\/wp-json\/wp\/v2\/types\/post"}],"author":[{"embeddable":true,"href":"https:\/\/elbflorace.de\/en\/wp-json\/wp\/v2\/users\/147"}],"replies":[{"embeddable":true,"href":"https:\/\/elbflorace.de\/en\/wp-json\/wp\/v2\/comments?post=2189"}],"version-history":[{"count":52,"href":"https:\/\/elbflorace.de\/en\/wp-json\/wp\/v2\/posts\/2189\/revisions"}],"predecessor-version":[{"id":14839,"href":"https:\/\/elbflorace.de\/en\/wp-json\/wp\/v2\/posts\/2189\/revisions\/14839"}],"wp:attachment":[{"href":"https:\/\/elbflorace.de\/en\/wp-json\/wp\/v2\/media?parent=2189"}],"wp:term":[{"taxonomy":"category","embeddable":true,"href":"https:\/\/elbflorace.de\/en\/wp-json\/wp\/v2\/categories?post=2189"},{"taxonomy":"post_tag","embeddable":true,"href":"https:\/\/elbflorace.de\/en\/wp-json\/wp\/v2\/tags?post=2189"}],"curies":[{"name":"wp","href":"https:\/\/api.w.org\/{rel}","templated":true}]}}