{"id":274,"date":"2011-02-26T13:44:26","date_gmt":"2011-02-26T13:44:26","guid":{"rendered":"https:\/\/elbflorace.de\/?p=274"},"modified":"2017-02-07T13:46:39","modified_gmt":"2017-02-07T12:46:39","slug":"fsuk-silverstone-2011-wir-sind-dabei","status":"publish","type":"post","link":"https:\/\/elbflorace.de\/en\/2011\/02\/fsuk-silverstone-2011-wir-sind-dabei\/","title":{"rendered":"FSUK Silverstone 2011 \u2013 wir sind dabei!"},"content":{"rendered":"<p class=\"qtranxs-available-languages-message qtranxs-available-languages-message-en\">Sorry, this entry is only available in <a href=\"https:\/\/elbflorace.de\/de\/wp-json\/wp\/v2\/posts\/274\" class=\"qtranxs-available-language-link qtranxs-available-language-link-de\" title=\"Deutsch\">Deutsch<\/a>.<\/p><p>Der Anfang des Jahres 2011 stand im Zeichen der diesj\u00e4hrigen Eventanteilnahmen: Nachdem wir uns bereits erfolgreich in Deutschland und Spanien mit unserem neuen Elektrorennwagen anmelden konnten, erhielten wir ebenfalls die freudige Nachricht, dass ein Startplatz in Gro\u00dfbritannien f\u00fcr uns reserviert ist. Allerdings werden wir dabei die Reise \u00fcber den \u00c4rmelkanal mit unserem Vorjahresverbrenner <a title=\"Ardor\" href=\"\/rennwagen\/ardor\/\">Ardor<\/a> antreten!\u00a0 Dieser konnte 2010 schon umfangreiche Erfahrungen bei Events auf dem Hockenheimring (D) und dem Circuit de Catalunya (E) sammeln. Nach einem ausgiebigen Winterschlaf wird er nun wieder mit voller Begeisterung f\u00fcr den Saisonauftakt in Silverstone (13.07. &#8211; 17.07.2011) vorbereitet.<\/p>","protected":false},"excerpt":{"rendered":"<p class=\"qtranxs-available-languages-message qtranxs-available-languages-message-en\">Sorry, this entry is only available in <a href=\"https:\/\/elbflorace.de\/de\/wp-json\/wp\/v2\/posts\/274\" class=\"qtranxs-available-language-link qtranxs-available-language-link-de\" title=\"Deutsch\">Deutsch<\/a>.<\/p>\n<p>Vom 13.07. &#8211; 17.07. werden wir noch einmal die Reise \u00fcber den \u00c4rmelkanal nach Silverstone wagen &#8211; mit unserem Vorjahresverbrenner Ardor.<\/p>\n","protected":false},"author":105,"featured_media":0,"comment_status":"closed","ping_status":"closed","sticky":false,"template":"","format":"standard","meta":{"footnotes":""},"categories":[3],"tags":[],"class_list":["post-274","post","type-post","status-publish","format-standard","hentry","category-news"],"_links":{"self":[{"href":"https:\/\/elbflorace.de\/en\/wp-json\/wp\/v2\/posts\/274","targetHints":{"allow":["GET"]}}],"collection":[{"href":"https:\/\/elbflorace.de\/en\/wp-json\/wp\/v2\/posts"}],"about":[{"href":"https:\/\/elbflorace.de\/en\/wp-json\/wp\/v2\/types\/post"}],"author":[{"embeddable":true,"href":"https:\/\/elbflorace.de\/en\/wp-json\/wp\/v2\/users\/105"}],"replies":[{"embeddable":true,"href":"https:\/\/elbflorace.de\/en\/wp-json\/wp\/v2\/comments?post=274"}],"version-history":[{"count":8,"href":"https:\/\/elbflorace.de\/en\/wp-json\/wp\/v2\/posts\/274\/revisions"}],"predecessor-version":[{"id":2059,"href":"https:\/\/elbflorace.de\/en\/wp-json\/wp\/v2\/posts\/274\/revisions\/2059"}],"wp:attachment":[{"href":"https:\/\/elbflorace.de\/en\/wp-json\/wp\/v2\/media?parent=274"}],"wp:term":[{"taxonomy":"category","embeddable":true,"href":"https:\/\/elbflorace.de\/en\/wp-json\/wp\/v2\/categories?post=274"},{"taxonomy":"post_tag","embeddable":true,"href":"https:\/\/elbflorace.de\/en\/wp-json\/wp\/v2\/tags?post=274"}],"curies":[{"name":"wp","href":"https:\/\/api.w.org\/{rel}","templated":true}]}}