{"id":2950,"date":"2011-12-03T16:54:34","date_gmt":"2011-12-03T16:54:34","guid":{"rendered":"http:\/\/elbflorace.de\/?p=2950"},"modified":"2017-02-07T13:46:35","modified_gmt":"2017-02-07T12:46:35","slug":"elbflorace-bei-der-5-aachen-dresden-international-textile-conference","status":"publish","type":"post","link":"https:\/\/elbflorace.de\/en\/2011\/12\/elbflorace-bei-der-5-aachen-dresden-international-textile-conference\/","title":{"rendered":"Die 5. Aachen-Dresden International Textile Conference"},"content":{"rendered":"<p class=\"qtranxs-available-languages-message qtranxs-available-languages-message-en\">Sorry, this entry is only available in <a href=\"https:\/\/elbflorace.de\/de\/wp-json\/wp\/v2\/posts\/2950\" class=\"qtranxs-available-language-link qtranxs-available-language-link-de\" title=\"Deutsch\">Deutsch<\/a>.<\/p><p>Vom 24. bis zum 25. November hatten zwei unserer Mitglieder die M\u00f6glichkeit an der 5. Aachen-Dresden Textile Conference teilzunehmen. Die j\u00e4hrlich stattfindende Fachkonferenz f\u00f6rdert die Zusammenarbeit von Forschung und Wirtschaft im Bereich Textilien. Unsere Elbfloracer aus dem Modul Frame &amp; Body haben die mehrt\u00e4gige Visite in Aachen einerseits\u00a0 genutzt, um sich \u00fcber die f\u00fcr uns relevante Kohlefasertechnologie zu informieren. Andererseits konnten wir auch einen Blick \u00fcber den textilen Tellerrand werfen sowie zahlreiche Kontakte zu Firmen und der Aachener Hochschule kn\u00fcpfen.<\/p>\n<p>Den Ausflug in die Pfalz haben wir au\u00dferdem zum Anlass genommen, um unsere Formula Student Kollegen der RWTH Aachen zu besuchen. Neben dem Besuch in deren heiligen Hallen und einem Erfahrungsaustausch, hatten die Aachener auch einen Schlafplatz f\u00fcr uns organisiert.<\/p>\n<p>Im Namen des gesamten Teams m\u00f6chten wir uns bei Professor Cherif und dem ITM f\u00fcr die Einladung nach Aachen und beim Team Ecurie Aix der RWTH Aachen f\u00fcr die Gastfreundschaft bedanken. Wir freuen uns schon auf die n\u00e4chste Textile Conference im November 2012, die dann in Dresden stattfinden wird.<\/p>","protected":false},"excerpt":{"rendered":"<p class=\"qtranxs-available-languages-message qtranxs-available-languages-message-en\">Sorry, this entry is only available in <a href=\"https:\/\/elbflorace.de\/de\/wp-json\/wp\/v2\/posts\/2950\" class=\"qtranxs-available-language-link qtranxs-available-language-link-de\" title=\"Deutsch\">Deutsch<\/a>.<\/p>\n<p>Vom 24. bis zum 25. November hatten zwei unserer Mitglieder die M\u00f6glichkeit an der 5. Aachen-Dresden Textile Conference teilzunehmen.<\/p>\n","protected":false},"author":167,"featured_media":2952,"comment_status":"closed","ping_status":"closed","sticky":false,"template":"","format":"standard","meta":{"footnotes":""},"categories":[3],"tags":[],"class_list":["post-2950","post","type-post","status-publish","format-standard","has-post-thumbnail","hentry","category-news"],"_links":{"self":[{"href":"https:\/\/elbflorace.de\/en\/wp-json\/wp\/v2\/posts\/2950","targetHints":{"allow":["GET"]}}],"collection":[{"href":"https:\/\/elbflorace.de\/en\/wp-json\/wp\/v2\/posts"}],"about":[{"href":"https:\/\/elbflorace.de\/en\/wp-json\/wp\/v2\/types\/post"}],"author":[{"embeddable":true,"href":"https:\/\/elbflorace.de\/en\/wp-json\/wp\/v2\/users\/167"}],"replies":[{"embeddable":true,"href":"https:\/\/elbflorace.de\/en\/wp-json\/wp\/v2\/comments?post=2950"}],"version-history":[{"count":11,"href":"https:\/\/elbflorace.de\/en\/wp-json\/wp\/v2\/posts\/2950\/revisions"}],"predecessor-version":[{"id":14817,"href":"https:\/\/elbflorace.de\/en\/wp-json\/wp\/v2\/posts\/2950\/revisions\/14817"}],"wp:featuredmedia":[{"embeddable":true,"href":"https:\/\/elbflorace.de\/en\/wp-json\/wp\/v2\/media\/2952"}],"wp:attachment":[{"href":"https:\/\/elbflorace.de\/en\/wp-json\/wp\/v2\/media?parent=2950"}],"wp:term":[{"taxonomy":"category","embeddable":true,"href":"https:\/\/elbflorace.de\/en\/wp-json\/wp\/v2\/categories?post=2950"},{"taxonomy":"post_tag","embeddable":true,"href":"https:\/\/elbflorace.de\/en\/wp-json\/wp\/v2\/tags?post=2950"}],"curies":[{"name":"wp","href":"https:\/\/api.w.org\/{rel}","templated":true}]}}