{"id":3854,"date":"2012-05-03T17:21:12","date_gmt":"2012-05-03T16:21:12","guid":{"rendered":"http:\/\/elbflorace.de\/?p=3854"},"modified":"2017-02-07T13:46:14","modified_gmt":"2017-02-07T12:46:14","slug":"fertigung-der-radnaben-bei-w-wachtler","status":"publish","type":"post","link":"https:\/\/elbflorace.de\/en\/2012\/05\/fertigung-der-radnaben-bei-w-wachtler\/","title":{"rendered":"Fertigung der Radnaben bei W. W\u00e4chtler"},"content":{"rendered":"<p class=\"qtranxs-available-languages-message qtranxs-available-languages-message-en\">Sorry, this entry is only available in <a href=\"https:\/\/elbflorace.de\/de\/wp-json\/wp\/v2\/posts\/3854\" class=\"qtranxs-available-language-link qtranxs-available-language-link-de\" title=\"Deutsch\">Deutsch<\/a>.<\/p><p><\/p>\n<p style=\"text-align: justify;\">Manche haben bereits einen Blick auf die neuen Radnaben des EFR05e02 in unserem <a href=\"\/2012\/04\/elbflorace-wunscht-ein-frohes-osterfest\/\">April-Newsletter<\/a> geworfen. Ihre Konstruktion kn\u00fcpft an die Radnaben von <a href=\"\/rennwagen\/areus\/\">Areus<\/a> aus dem letzten Jahr an. Gefertigt wurden die Dreh \u2013 Fr\u00e4steile f\u00fcr uns bei <a href=\"http:\/\/www.cnc-tec.de\/index_de.htm\">Maschinenbau W. W\u00e4chtler<\/a> in Dresden. Das Familienunternehmen hat sich bereits seit drei Generationen auf die Herstellung von Pr\u00e4zisionsteilen spezialisiert.<\/p>\n<p style=\"text-align: justify;\">Als ein zentrales Element der Radaufh\u00e4ngung befinden sich die Naben im Radtr\u00e4ger. Ihre Aufgabe ist es, die vier R\u00e4der des Wagens in Position zu halten. Dazu werden die Felgen \u00fcber eine Zentralmutter an den Naben befestigt und um die Kraft der Motoren an die R\u00e4der weiterzuleiten, sitzen sp\u00e4ter in den hinteren Naben die Tripodengeh\u00e4use f\u00fcr die Antriebswellen.<\/p>\n<p style=\"text-align: justify;\">Im Namen von Elbflorace e.V. m\u00f6chten wir uns bei der Firma W. W\u00e4chtler f\u00fcr die Unterst\u00fctzung bedanken. Ein besonderer Dank geht an Herrn Rico W\u00e4chtler und Herrn Kuss f\u00fcr die gute Zusammenarbeit.<\/p>\n<p><\/p>","protected":false},"excerpt":{"rendered":"<p class=\"qtranxs-available-languages-message qtranxs-available-languages-message-en\">Sorry, this entry is only available in <a href=\"https:\/\/elbflorace.de\/de\/wp-json\/wp\/v2\/posts\/3854\" class=\"qtranxs-available-language-link qtranxs-available-language-link-de\" title=\"Deutsch\">Deutsch<\/a>.<\/p>\n<p>Manche haben bereits einen Blick auf die neuen Radnaben des EFR05e02 in unserem April-Newsletter geworfen. Gefertigt wurden die Dreh \u2013 Fr\u00e4steile f\u00fcr uns bei Maschinenbau W. W\u00e4chtler in Dresden.<\/p>\n","protected":false},"author":175,"featured_media":3980,"comment_status":"closed","ping_status":"closed","sticky":false,"template":"","format":"standard","meta":{"footnotes":""},"categories":[3],"tags":[],"class_list":["post-3854","post","type-post","status-publish","format-standard","has-post-thumbnail","hentry","category-news"],"_links":{"self":[{"href":"https:\/\/elbflorace.de\/en\/wp-json\/wp\/v2\/posts\/3854","targetHints":{"allow":["GET"]}}],"collection":[{"href":"https:\/\/elbflorace.de\/en\/wp-json\/wp\/v2\/posts"}],"about":[{"href":"https:\/\/elbflorace.de\/en\/wp-json\/wp\/v2\/types\/post"}],"author":[{"embeddable":true,"href":"https:\/\/elbflorace.de\/en\/wp-json\/wp\/v2\/users\/175"}],"replies":[{"embeddable":true,"href":"https:\/\/elbflorace.de\/en\/wp-json\/wp\/v2\/comments?post=3854"}],"version-history":[{"count":11,"href":"https:\/\/elbflorace.de\/en\/wp-json\/wp\/v2\/posts\/3854\/revisions"}],"predecessor-version":[{"id":3981,"href":"https:\/\/elbflorace.de\/en\/wp-json\/wp\/v2\/posts\/3854\/revisions\/3981"}],"wp:featuredmedia":[{"embeddable":true,"href":"https:\/\/elbflorace.de\/en\/wp-json\/wp\/v2\/media\/3980"}],"wp:attachment":[{"href":"https:\/\/elbflorace.de\/en\/wp-json\/wp\/v2\/media?parent=3854"}],"wp:term":[{"taxonomy":"category","embeddable":true,"href":"https:\/\/elbflorace.de\/en\/wp-json\/wp\/v2\/categories?post=3854"},{"taxonomy":"post_tag","embeddable":true,"href":"https:\/\/elbflorace.de\/en\/wp-json\/wp\/v2\/tags?post=3854"}],"curies":[{"name":"wp","href":"https:\/\/api.w.org\/{rel}","templated":true}]}}