{"id":5022,"date":"2012-12-17T14:54:05","date_gmt":"2012-12-17T13:54:05","guid":{"rendered":"http:\/\/elbflorace.de\/?p=5022"},"modified":"2017-02-07T13:46:12","modified_gmt":"2017-02-07T12:46:12","slug":"dresden-aachener-itc","status":"publish","type":"post","link":"https:\/\/elbflorace.de\/en\/2012\/12\/dresden-aachener-itc\/","title":{"rendered":"Dresden Aachener ITC"},"content":{"rendered":"<p class=\"qtranxs-available-languages-message qtranxs-available-languages-message-en\">Sorry, this entry is only available in <a href=\"https:\/\/elbflorace.de\/de\/wp-json\/wp\/v2\/posts\/5022\" class=\"qtranxs-available-language-link qtranxs-available-language-link-de\" title=\"Deutsch\">Deutsch<\/a>.<\/p><p>Am 29.- 30.11.2012 wurde das Kongresszentrum Dresden zum Schauplatz der 6. Dresden Aachener Textilkonferenz. Eine ganz besondere Fachmesse f\u00fcr das Modul Frame and Body des Elbflorace-Teams. Neben diversen Fachvortr\u00e4gen \u00fcber die Welt der Faserverbunde und ihre Anwendungen, haben sich unsere Mitglieder bei dieser Messe pers\u00f6nlich \u00fcber die neusten Forschungen und Entwicklungen informiert.<br \/>\nDoch dieses Jahr ging es nicht nur darum Wissen mitzunehmen, sondern auch welches zu vermitteln. Mit Murp-E, dem aktuellen Rennwagen, als Austellungsst\u00fcck hinterlie\u00df auch Elbflorace seine Spuren auf der Textilen Konferenz.  <\/p>\n<p>In diesem Zusammenhang m\u00f6chten wir uns beim ITM bedanken, ganz speziell auch bei Herrn Prof. Chokri Cherif, welche uns bereits seit Jahren tatkr\u00e4ftig unterst\u00fctzen und es uns \u00fcberhaupt m\u00f6glich machen auf dieser und vielen anderen Veranstaltungen teil zu nehmen.<br \/>\n<\/p>","protected":false},"excerpt":{"rendered":"<p>Sorry, this entry is only available in Deutsch.Am 29.- 30.11.2012 wurde das Kongresszentrum Dresden zum Schauplatz der 6. Dresden Aachener Textilkonferenz. Eine ganz besondere Fachmesse f\u00fcr das Modul Frame and Body des Elbflorace-Teams. Neben diversen Fachvortr\u00e4gen \u00fcber die Welt der Faserverbunde und ihre Anwendungen, haben sich unsere Mitglieder bei dieser Messe pers\u00f6nlich \u00fcber die neusten [&hellip;]<\/p>\n","protected":false},"author":104,"featured_media":5028,"comment_status":"closed","ping_status":"closed","sticky":false,"template":"","format":"standard","meta":{"footnotes":""},"categories":[3],"tags":[],"class_list":["post-5022","post","type-post","status-publish","format-standard","has-post-thumbnail","hentry","category-news"],"_links":{"self":[{"href":"https:\/\/elbflorace.de\/en\/wp-json\/wp\/v2\/posts\/5022","targetHints":{"allow":["GET"]}}],"collection":[{"href":"https:\/\/elbflorace.de\/en\/wp-json\/wp\/v2\/posts"}],"about":[{"href":"https:\/\/elbflorace.de\/en\/wp-json\/wp\/v2\/types\/post"}],"author":[{"embeddable":true,"href":"https:\/\/elbflorace.de\/en\/wp-json\/wp\/v2\/users\/104"}],"replies":[{"embeddable":true,"href":"https:\/\/elbflorace.de\/en\/wp-json\/wp\/v2\/comments?post=5022"}],"version-history":[{"count":9,"href":"https:\/\/elbflorace.de\/en\/wp-json\/wp\/v2\/posts\/5022\/revisions"}],"predecessor-version":[{"id":5253,"href":"https:\/\/elbflorace.de\/en\/wp-json\/wp\/v2\/posts\/5022\/revisions\/5253"}],"wp:featuredmedia":[{"embeddable":true,"href":"https:\/\/elbflorace.de\/en\/wp-json\/wp\/v2\/media\/5028"}],"wp:attachment":[{"href":"https:\/\/elbflorace.de\/en\/wp-json\/wp\/v2\/media?parent=5022"}],"wp:term":[{"taxonomy":"category","embeddable":true,"href":"https:\/\/elbflorace.de\/en\/wp-json\/wp\/v2\/categories?post=5022"},{"taxonomy":"post_tag","embeddable":true,"href":"https:\/\/elbflorace.de\/en\/wp-json\/wp\/v2\/tags?post=5022"}],"curies":[{"name":"wp","href":"https:\/\/api.w.org\/{rel}","templated":true}]}}