{"id":5567,"date":"2013-03-27T07:30:23","date_gmt":"2013-03-27T06:30:23","guid":{"rendered":"http:\/\/elbflorace.de\/?p=5567"},"modified":"2017-02-07T13:46:11","modified_gmt":"2017-02-07T12:46:11","slug":"mdf-als-formmaterial","status":"publish","type":"post","link":"https:\/\/elbflorace.de\/en\/2013\/03\/mdf-als-formmaterial\/","title":{"rendered":"MDF als Formmaterial"},"content":{"rendered":"<p class=\"qtranxs-available-languages-message qtranxs-available-languages-message-en\">Sorry, this entry is only available in <a href=\"https:\/\/elbflorace.de\/de\/wp-json\/wp\/v2\/posts\/5567\" class=\"qtranxs-available-language-link qtranxs-available-language-link-de\" title=\"Deutsch\">Deutsch<\/a>.<\/p><p>Zur Herstellung von Faserverbundbauteilen ben\u00f6tigt man gute Formen. Diese haben einen sehr gro\u00dfen Einfluss auf die Qualit\u00e4t der k\u00fcnftigen Bauteile. Somit wird jedes Jahr eine nicht unerhebliche Menge an Formmaterialien f\u00fcr Bauteile wie beispielsweise Seitenk\u00e4sten, Unterb\u00f6den, Nase und Deckel ben\u00f6tigt. Da wir dabei nicht immer auf Blockmaterial auf Polyurethanbasis zur\u00fcckgreifen, verwenden wir des \u00f6fteren Mitteldichte Holzfaserplatten (MDF) als Formmaterial. Diese weisen eine gute Bearbeitbarkeit auf. Am Anfang der Formherstellung werden die MDF-Platten mit Holzleim verklebt und als Block anschlie\u00dfend bei unseren Fr\u00e4spartnern zu den aus dem CAD \u00fcbertragenen Endkonturen weiterverarbeitet. Umso mehr freut es uns, dass wir dieses Jahr mit dem Institut f\u00fcr Holztechnologie Dresden gemeinn\u00fctzige GmbH (IHD) einen weiteren universit\u00e4ren Unterst\u00fctzer f\u00fcr uns gewinnen konnten. Das IHD stellte uns diese Saison eine gro\u00dfe Menge MDF zur Verf\u00fcgung.<\/p>\n<p>Wir m\u00f6chten uns an dieser Stelle bei Ihnen ganz herzlich bedanken und w\u00fcrden uns freuen, wenn wir die Zusammenarbeit in diesem Rahmen fortsetzen k\u00f6nnen.<\/p>","protected":false},"excerpt":{"rendered":"<p>Sorry, this entry is only available in Deutsch.Zur Herstellung von Faserverbundbauteilen ben\u00f6tigt man gute Formen. Diese haben einen sehr gro\u00dfen Einfluss auf die Qualit\u00e4t der k\u00fcnftigen Bauteile. Somit wird jedes Jahr eine nicht unerhebliche Menge an Formmaterialien f\u00fcr Bauteile wie beispielsweise Seitenk\u00e4sten, Unterb\u00f6den, Nase und Deckel ben\u00f6tigt. Da wir dabei nicht immer auf Blockmaterial auf [&hellip;]<\/p>\n","protected":false},"author":187,"featured_media":5616,"comment_status":"closed","ping_status":"closed","sticky":false,"template":"","format":"standard","meta":{"footnotes":""},"categories":[3],"tags":[],"class_list":["post-5567","post","type-post","status-publish","format-standard","has-post-thumbnail","hentry","category-news"],"_links":{"self":[{"href":"https:\/\/elbflorace.de\/en\/wp-json\/wp\/v2\/posts\/5567","targetHints":{"allow":["GET"]}}],"collection":[{"href":"https:\/\/elbflorace.de\/en\/wp-json\/wp\/v2\/posts"}],"about":[{"href":"https:\/\/elbflorace.de\/en\/wp-json\/wp\/v2\/types\/post"}],"author":[{"embeddable":true,"href":"https:\/\/elbflorace.de\/en\/wp-json\/wp\/v2\/users\/187"}],"replies":[{"embeddable":true,"href":"https:\/\/elbflorace.de\/en\/wp-json\/wp\/v2\/comments?post=5567"}],"version-history":[{"count":9,"href":"https:\/\/elbflorace.de\/en\/wp-json\/wp\/v2\/posts\/5567\/revisions"}],"predecessor-version":[{"id":5630,"href":"https:\/\/elbflorace.de\/en\/wp-json\/wp\/v2\/posts\/5567\/revisions\/5630"}],"wp:featuredmedia":[{"embeddable":true,"href":"https:\/\/elbflorace.de\/en\/wp-json\/wp\/v2\/media\/5616"}],"wp:attachment":[{"href":"https:\/\/elbflorace.de\/en\/wp-json\/wp\/v2\/media?parent=5567"}],"wp:term":[{"taxonomy":"category","embeddable":true,"href":"https:\/\/elbflorace.de\/en\/wp-json\/wp\/v2\/categories?post=5567"},{"taxonomy":"post_tag","embeddable":true,"href":"https:\/\/elbflorace.de\/en\/wp-json\/wp\/v2\/tags?post=5567"}],"curies":[{"name":"wp","href":"https:\/\/api.w.org\/{rel}","templated":true}]}}