{"id":5662,"date":"2013-04-10T12:37:43","date_gmt":"2013-04-10T11:37:43","guid":{"rendered":"http:\/\/elbflorace.de\/?p=5662"},"modified":"2017-02-07T13:46:11","modified_gmt":"2017-02-07T12:46:11","slug":"frischer-wind-mit-ebmpapst","status":"publish","type":"post","link":"https:\/\/elbflorace.de\/en\/2013\/04\/frischer-wind-mit-ebmpapst\/","title":{"rendered":"Frischer Wind mit ebmPapst"},"content":{"rendered":"<p class=\"qtranxs-available-languages-message qtranxs-available-languages-message-en\">Sorry, this entry is only available in <a href=\"https:\/\/elbflorace.de\/de\/wp-json\/wp\/v2\/posts\/5662\" class=\"qtranxs-available-language-link qtranxs-available-language-link-de\" title=\"Deutsch\">Deutsch<\/a>.<\/p><p>Die K\u00fchlung von Zellverbindungen, Zellen und anderen energieumsetzenden Bauteilen ist f\u00fcr ein zuverl\u00e4ssiges Fahrzeug enorm wichtig. Es gilt die W\u00e4rme auf engstem Raum m\u00f6glichst effektiv abzuf\u00fchren. Dieses Jahr k\u00f6nnen wir daf\u00fcr auf einen neuen Partner setzen: ebmPapst.<br \/>\nNur wenige L\u00fcfter k\u00f6nnen beispielsweise den Anforderungen im Akkumulator gerecht werden. Hier sind Eigenschaften wie ein hoher Volumenstrom bei geringem Bauraum und eine m\u00f6glichst geringe Stromaufnahme notwendig. Dank der Produktvielfalt von ebmPapst war aber selbst hier die Auswahl schnell getroffen. Der L\u00fcfter- und Motorhersteller aus Mulfingen ist in dem Bereich der Geh\u00e4usel\u00fcftung eines der weltweit f\u00fchrenden Unternehmen. Mit \u00fcber 10 000 Mitarbeitern werden innovative L\u00f6sungen f\u00fcr effektive<img loading=\"lazy\" decoding=\"async\" src=\"https:\/\/elbflorace.de\/wp-content\/uploads\/2013\/04\/ebmpapst_1-300x225.jpg\" alt=\"ebmpapst_1\" width=\"300\" height=\"225\" class=\"alignright size-medium wp-image-5714\" srcset=\"https:\/\/elbflorace.de\/wp-content\/uploads\/2013\/04\/ebmpapst_1-300x225.jpg 300w, https:\/\/elbflorace.de\/wp-content\/uploads\/2013\/04\/ebmpapst_1-600x450.jpg 600w, https:\/\/elbflorace.de\/wp-content\/uploads\/2013\/04\/ebmpapst_1.jpg 650w\" sizes=\"auto, (max-width: 300px) 100vw, 300px\" \/> K\u00fchlungsma\u00dfnahmen entwickelt. Besonders sind dabei die Bem\u00fchungen der schw\u00e4bischen Firma um Nachhaltigkeit hervorzuheben: Unter &#8220;GreenTech&#8221; versteht ebmPapst nicht nur die Produkte umweltfreundlicher zu gestalten, sondern ebenso die Produktionsprozesse zu optimieren, um den Ressourcenverbrauch und den CO2 Aussto\u00df zu senken. Vor allem die Anstrengungen um einen geringen Stromverbrauch der L\u00fcfter sind f\u00fcr uns von gro\u00dfem Nutzen. Durch die Unterst\u00fctzung von ebmPapst k\u00f6nnen wir nun auch unser Fahrzeug der vergangenen Saison (Murph-E) mit notwendigen L\u00fcftern ausstatten.<\/p>\n<p>Wir m\u00f6chten uns an dieser Stelle bei der Firma ebmPabst f\u00fcr die Bereitstellung der Produkte bedanken und hoffen auch in Zukunft gemeinsam die Zusammenarbeit erfolgreich fortf\u00fchren zu k\u00f6nnen.<\/p>","protected":false},"excerpt":{"rendered":"<p class=\"qtranxs-available-languages-message qtranxs-available-languages-message-en\">Sorry, this entry is only available in <a href=\"https:\/\/elbflorace.de\/de\/wp-json\/wp\/v2\/posts\/5662\" class=\"qtranxs-available-language-link qtranxs-available-language-link-de\" title=\"Deutsch\">Deutsch<\/a>.<\/p>\n<p>Um die Zuverl\u00e4ssigkeit des Fahrzeuges gew\u00e4hrleisten zu k\u00f6nnen, m\u00fcssen energieumsetzende Bauteile gek\u00fchlt werden. Daf\u00fcr bekommen wir dieses Jahr L\u00fcfter von ebmPapst.<\/p>\n","protected":false},"author":223,"featured_media":5672,"comment_status":"closed","ping_status":"closed","sticky":false,"template":"","format":"standard","meta":{"footnotes":""},"categories":[3],"tags":[],"class_list":["post-5662","post","type-post","status-publish","format-standard","has-post-thumbnail","hentry","category-news"],"_links":{"self":[{"href":"https:\/\/elbflorace.de\/en\/wp-json\/wp\/v2\/posts\/5662","targetHints":{"allow":["GET"]}}],"collection":[{"href":"https:\/\/elbflorace.de\/en\/wp-json\/wp\/v2\/posts"}],"about":[{"href":"https:\/\/elbflorace.de\/en\/wp-json\/wp\/v2\/types\/post"}],"author":[{"embeddable":true,"href":"https:\/\/elbflorace.de\/en\/wp-json\/wp\/v2\/users\/223"}],"replies":[{"embeddable":true,"href":"https:\/\/elbflorace.de\/en\/wp-json\/wp\/v2\/comments?post=5662"}],"version-history":[{"count":11,"href":"https:\/\/elbflorace.de\/en\/wp-json\/wp\/v2\/posts\/5662\/revisions"}],"predecessor-version":[{"id":14768,"href":"https:\/\/elbflorace.de\/en\/wp-json\/wp\/v2\/posts\/5662\/revisions\/14768"}],"wp:featuredmedia":[{"embeddable":true,"href":"https:\/\/elbflorace.de\/en\/wp-json\/wp\/v2\/media\/5672"}],"wp:attachment":[{"href":"https:\/\/elbflorace.de\/en\/wp-json\/wp\/v2\/media?parent=5662"}],"wp:term":[{"taxonomy":"category","embeddable":true,"href":"https:\/\/elbflorace.de\/en\/wp-json\/wp\/v2\/categories?post=5662"},{"taxonomy":"post_tag","embeddable":true,"href":"https:\/\/elbflorace.de\/en\/wp-json\/wp\/v2\/tags?post=5662"}],"curies":[{"name":"wp","href":"https:\/\/api.w.org\/{rel}","templated":true}]}}