{"id":6382,"date":"2013-08-25T23:01:51","date_gmt":"2013-08-25T22:01:51","guid":{"rendered":"http:\/\/elbflorace.de\/?p=6382"},"modified":"2017-02-07T13:46:10","modified_gmt":"2017-02-07T12:46:10","slug":"lv-und-hv-kabelbaum-von-der-leoni-ag","status":"publish","type":"post","link":"https:\/\/elbflorace.de\/en\/2013\/08\/lv-und-hv-kabelbaum-von-der-leoni-ag\/","title":{"rendered":"LV- und HV-Kabelbaum von der Leoni AG"},"content":{"rendered":"<p>Wie bereits in den letzten beiden Saisons freuen wir uns auch dieses Jahr wieder von der Leoni AG unterst\u00fctzt zu werden. Um alle Signale und Versorgungen geordnet durch das Fahrzeug zu f\u00fchren, ist ein geb\u00fcndelter und geordneter Kabelstrang unumg\u00e4nglich. Wie bereits bei unseren Vorjahresfahrzeugen Areus und Murph-E wurde dieser erneut in Zusammenarbeit mit der Leoni AG konzipiert, konstruiert und auf Ma\u00df f\u00fcr unser neues Fahrzeug KatE gefertigt.<\/p>\n<p>Die Leoni AG mit Hauptsitz in N\u00fcrnberg besch\u00e4ftigt knapp 60.000 Mitarbeiter und ist einer der bedeutendsten Dienstleister f\u00fcr die Industrie und <img loading=\"lazy\" decoding=\"async\" src=\"https:\/\/elbflorace.de\/wp-content\/uploads\/2013\/08\/leoni_1-300x225.jpg\" alt=\"leoni_1\" width=\"300\" height=\"225\" class=\"alignright size-medium wp-image-6384\" srcset=\"https:\/\/elbflorace.de\/wp-content\/uploads\/2013\/08\/leoni_1-300x225.jpg 300w, https:\/\/elbflorace.de\/wp-content\/uploads\/2013\/08\/leoni_1-600x450.jpg 600w, https:\/\/elbflorace.de\/wp-content\/uploads\/2013\/08\/leoni_1-642x482.jpg 642w, https:\/\/elbflorace.de\/wp-content\/uploads\/2013\/08\/leoni_1-220x165.jpg 220w, https:\/\/elbflorace.de\/wp-content\/uploads\/2013\/08\/leoni_1.jpg 650w\" sizes=\"auto, (max-width: 300px) 100vw, 300px\" \/>Automobilbranche. Das Unternehmen hat eine sehr lange Tradition in der Herstellung von Dr\u00e4hten, optischen Fasern, Kabeln und Kabelsystemen und ist mit dieser Erfahrung ein sehr wichtiger Partner f\u00fcr Elbflorace.<\/p>\n<p>Der zweiteilige Kabelstrang in KatE verbindet alle elektrischen Komponenten im Fahrzeug. Er verteilt die Versorgungen im Fahrzeug, transportiert alle Signale zu den gew\u00fcnschten Orten und dient auch als Kommunikationsschnittstelle im Fahrzeug sowohl intern als auch nach au\u00dfen.<\/p>\n<p><img loading=\"lazy\" decoding=\"async\" src=\"https:\/\/elbflorace.de\/wp-content\/uploads\/2013\/08\/leoni_2-300x195.jpg\" alt=\"leoni_2\" width=\"300\" height=\"195\" class=\"alignleft size-medium wp-image-6385\" srcset=\"https:\/\/elbflorace.de\/wp-content\/uploads\/2013\/08\/leoni_2-300x195.jpg 300w, https:\/\/elbflorace.de\/wp-content\/uploads\/2013\/08\/leoni_2-600x390.jpg 600w, https:\/\/elbflorace.de\/wp-content\/uploads\/2013\/08\/leoni_2-220x143.jpg 220w, https:\/\/elbflorace.de\/wp-content\/uploads\/2013\/08\/leoni_2.jpg 650w\" sizes=\"auto, (max-width: 300px) 100vw, 300px\" \/>Dazu unterst\u00fctzt uns Leoni auch mit diversen Leitungsmaterialien, Steckverbindungen und vielen weiteren Kleinteilen, die f\u00fcr eine gute Unterbringung des Kabelstranges im Fahrzeug n\u00f6tig sind.<\/p>\n<p>Wir bedanken uns recht herzlich f\u00fcr die erneute Unterst\u00fctzung der Leoni AG und bedanken uns besonders bei Herrn Benjamin Weiler f\u00fcr die sehr umfangreiche und gute Zusammenarbeit.<\/p>\n","protected":false},"excerpt":{"rendered":"<p>Wie bereits in den letzten beiden Saisons freuen wir uns auch dieses Jahr wieder von der Leoni AG unterst\u00fctzt zu werden. Um alle Signale und Versorgungen geordnet durch das Fahrzeug zu f\u00fchren, ist ein geb\u00fcndelter und geordneter Kabelstrang unumg\u00e4nglich. Wie bereits bei unseren Vorjahresfahrzeugen Areus und Murph-E wurde dieser erneut in Zusammenarbeit mit der Leoni [&hellip;]<\/p>\n","protected":false},"author":179,"featured_media":6383,"comment_status":"closed","ping_status":"closed","sticky":false,"template":"","format":"standard","meta":{"footnotes":""},"categories":[3],"tags":[],"class_list":["post-6382","post","type-post","status-publish","format-standard","has-post-thumbnail","hentry","category-news"],"_links":{"self":[{"href":"https:\/\/elbflorace.de\/en\/wp-json\/wp\/v2\/posts\/6382","targetHints":{"allow":["GET"]}}],"collection":[{"href":"https:\/\/elbflorace.de\/en\/wp-json\/wp\/v2\/posts"}],"about":[{"href":"https:\/\/elbflorace.de\/en\/wp-json\/wp\/v2\/types\/post"}],"author":[{"embeddable":true,"href":"https:\/\/elbflorace.de\/en\/wp-json\/wp\/v2\/users\/179"}],"replies":[{"embeddable":true,"href":"https:\/\/elbflorace.de\/en\/wp-json\/wp\/v2\/comments?post=6382"}],"version-history":[{"count":9,"href":"https:\/\/elbflorace.de\/en\/wp-json\/wp\/v2\/posts\/6382\/revisions"}],"predecessor-version":[{"id":14742,"href":"https:\/\/elbflorace.de\/en\/wp-json\/wp\/v2\/posts\/6382\/revisions\/14742"}],"wp:featuredmedia":[{"embeddable":true,"href":"https:\/\/elbflorace.de\/en\/wp-json\/wp\/v2\/media\/6383"}],"wp:attachment":[{"href":"https:\/\/elbflorace.de\/en\/wp-json\/wp\/v2\/media?parent=6382"}],"wp:term":[{"taxonomy":"category","embeddable":true,"href":"https:\/\/elbflorace.de\/en\/wp-json\/wp\/v2\/categories?post=6382"},{"taxonomy":"post_tag","embeddable":true,"href":"https:\/\/elbflorace.de\/en\/wp-json\/wp\/v2\/tags?post=6382"}],"curies":[{"name":"wp","href":"https:\/\/api.w.org\/{rel}","templated":true}]}}