{"id":8686,"date":"2014-04-06T13:43:24","date_gmt":"2014-04-06T12:43:24","guid":{"rendered":"http:\/\/elbflorace.de\/?p=8686"},"modified":"2017-02-07T13:45:50","modified_gmt":"2017-02-07T12:45:50","slug":"leichtbaugipfel-in-wuerzburg","status":"publish","type":"post","link":"https:\/\/elbflorace.de\/en\/2014\/04\/leichtbaugipfel-in-wuerzburg\/","title":{"rendered":"Leichtbaugipfel in W\u00fcrzburg"},"content":{"rendered":"<p>Vom 18. bis 19. M\u00e4rz fand dieses Jahr der Leichtbaugipfel in W\u00fcrzburg statt. Wir, als Dresdner Formula Student Team hatten die Ehre als einziges Team unserer Rennserie anwesend zu sein. Mit \u00fcber 30 Ausstellern und vielen interessanten Vortr\u00e4gen geh\u00f6rt der Leichtbaugipfel seit Jahren zu den bekanntesten europ\u00e4ischen Tagungen im Bereich des automobilen Leichtbaus. An dieser Stelle m\u00f6chten wir uns ganz herzlich bei Altair bedanken, denen wir die Einladung zu diesem, f\u00fcr uns sehr wertvollen Event, verdanken k\u00f6nnen. Wir konnten auf der Messe nicht nur unseren eigenen Wissenshorizont erweitern und viele interessante Gespr\u00e4che zur Thematik f\u00fchren, sondern auch interessante Kontakte zu Firmen und m\u00f6glichen Partnern f\u00fcr unser Projekt schlie\u00dfen. Alles in allem war die Tagung f\u00fcr uns ein voller Erfolg und eine Veranstaltung, die wir auch im n\u00e4chsten Jahr wieder sehr gerne besuchen w\u00fcrden.<\/p>\n","protected":false},"excerpt":{"rendered":"<p>Vom 18. bis 19. M\u00e4rz fand dieses Jahr der Leichtbaugipfel in W\u00fcrzburg statt. Wir, als Dresdner Formula Student Team hatten die Ehre als einziges Team unserer Rennserie anwesend zu sein. Mit \u00fcber 30 Ausstellern und vielen interessanten Vortr\u00e4gen geh\u00f6rt der Leichtbaugipfel seit Jahren zu den bekanntesten europ\u00e4ischen Tagungen im Bereich des automobilen Leichtbaus. An dieser [&hellip;]<\/p>\n","protected":false},"author":267,"featured_media":8687,"comment_status":"closed","ping_status":"closed","sticky":false,"template":"","format":"standard","meta":{"footnotes":""},"categories":[3],"tags":[],"class_list":["post-8686","post","type-post","status-publish","format-standard","has-post-thumbnail","hentry","category-news"],"_links":{"self":[{"href":"https:\/\/elbflorace.de\/en\/wp-json\/wp\/v2\/posts\/8686","targetHints":{"allow":["GET"]}}],"collection":[{"href":"https:\/\/elbflorace.de\/en\/wp-json\/wp\/v2\/posts"}],"about":[{"href":"https:\/\/elbflorace.de\/en\/wp-json\/wp\/v2\/types\/post"}],"author":[{"embeddable":true,"href":"https:\/\/elbflorace.de\/en\/wp-json\/wp\/v2\/users\/267"}],"replies":[{"embeddable":true,"href":"https:\/\/elbflorace.de\/en\/wp-json\/wp\/v2\/comments?post=8686"}],"version-history":[{"count":4,"href":"https:\/\/elbflorace.de\/en\/wp-json\/wp\/v2\/posts\/8686\/revisions"}],"predecessor-version":[{"id":8700,"href":"https:\/\/elbflorace.de\/en\/wp-json\/wp\/v2\/posts\/8686\/revisions\/8700"}],"wp:featuredmedia":[{"embeddable":true,"href":"https:\/\/elbflorace.de\/en\/wp-json\/wp\/v2\/media\/8687"}],"wp:attachment":[{"href":"https:\/\/elbflorace.de\/en\/wp-json\/wp\/v2\/media?parent=8686"}],"wp:term":[{"taxonomy":"category","embeddable":true,"href":"https:\/\/elbflorace.de\/en\/wp-json\/wp\/v2\/categories?post=8686"},{"taxonomy":"post_tag","embeddable":true,"href":"https:\/\/elbflorace.de\/en\/wp-json\/wp\/v2\/tags?post=8686"}],"curies":[{"name":"wp","href":"https:\/\/api.w.org\/{rel}","templated":true}]}}